{"id":124595,"date":"2021-08-19T15:56:58","date_gmt":"2021-08-19T19:56:58","guid":{"rendered":"https:\/\/linitiative.ca\/International\/tunisie-le-president-recoit-le-ministre-des-affaires-sociales-et-la-chargee-de-gestion-du-ministere-des-finances\/"},"modified":"2021-08-19T15:56:58","modified_gmt":"2021-08-19T19:56:58","slug":"tunisie-le-president-recoit-le-ministre-des-affaires-sociales-et-la-chargee-de-gestion-du-ministere-des-finances","status":"publish","type":"post","link":"https:\/\/linitiative.ca\/International\/tunisie-le-president-recoit-le-ministre-des-affaires-sociales-et-la-chargee-de-gestion-du-ministere-des-finances\/","title":{"rendered":"Tunisie : Le pr\u00e9sident re\u00e7oit le ministre des Affaires Sociales et la charg\u00e9e de gestion du minist\u00e8re des finances"},"content":{"rendered":"<div>\n<p>Le pr\u00e9sident de la R\u00e9publique, Kais Saied a re\u00e7u ce jeudi apr\u00e8s-midi 19 ao\u00fbt 2021, au palais de Carthage, le ministre des Affaires Sociales, Mohamed Trabelsi et la Charg\u00e9e de gestion du minist\u00e8re de l\u2019Economie, des Finances et de l\u2019Appui \u00e0 l\u2019Investissement, Sihem Boughdiri Namsia. Le Chef de l\u2019Etat a charg\u00e9 les deux responsables de [\u2026]<\/p>\n<p>L\u2019article <a href=\"https:\/\/www.tunisienumerique.com\/tunisie-le-president-recoit-le-ministre-des-affaires-sociales-et-la-chargee-de-gestion-du-ministere-des-finances\/\">Tunisie : Le pr\u00e9sident re\u00e7oit le ministre des Affaires Sociales et la charg\u00e9e de gestion du minist\u00e8re des finances<\/a> est apparu en premier sur <a href=\"https:\/\/www.tunisienumerique.com\/\">Tunisie<\/a>.<\/p>\n<\/div>\n<p>Auteur: rania ben slimane<br \/>\n<a href=\"https:\/\/www.tunisienumerique.com\/tunisie-le-president-recoit-le-ministre-des-affaires-sociales-et-la-chargee-de-gestion-du-ministere-des-finances\/\">Cliquez ici pour lire l&rsquo;article depuis sa source.<\/a><\/p>\n","protected":false},"excerpt":{"rendered":"<p>Le pr\u00e9sident de la R\u00e9publique, Kais Saied a re\u00e7u ce jeudi apr\u00e8s-midi 19 ao\u00fbt 2021, au palais de Carthage, le ministre des Affaires Sociales, Mohamed Trabelsi et la Charg\u00e9e de gestion du minist\u00e8re de l\u2019Economie, des Finances et de l\u2019Appui \u00e0 l\u2019Investissement, Sihem Boughdiri Namsia. Le Chef de l\u2019Etat a charg\u00e9 les deux responsables de [&hellip;]<\/p>\n","protected":false},"author":1789,"featured_media":0,"comment_status":"closed","ping_status":"closed","sticky":false,"template":"","format":"standard","meta":{"fifu_image_url":"","fifu_image_alt":"","footnotes":""},"categories":[73,55],"tags":[],"class_list":["post-124595","post","type-post","status-publish","format-standard","hentry","category-actualite","category-tunisie"],"_links":{"self":[{"href":"https:\/\/linitiative.ca\/International\/wp-json\/wp\/v2\/posts\/124595","targetHints":{"allow":["GET"]}}],"collection":[{"href":"https:\/\/linitiative.ca\/International\/wp-json\/wp\/v2\/posts"}],"about":[{"href":"https:\/\/linitiative.ca\/International\/wp-json\/wp\/v2\/types\/post"}],"author":[{"embeddable":true,"href":"https:\/\/linitiative.ca\/International\/wp-json\/wp\/v2\/users\/1789"}],"replies":[{"embeddable":true,"href":"https:\/\/linitiative.ca\/International\/wp-json\/wp\/v2\/comments?post=124595"}],"version-history":[{"count":0,"href":"https:\/\/linitiative.ca\/International\/wp-json\/wp\/v2\/posts\/124595\/revisions"}],"wp:attachment":[{"href":"https:\/\/linitiative.ca\/International\/wp-json\/wp\/v2\/media?parent=124595"}],"wp:term":[{"taxonomy":"category","embeddable":true,"href":"https:\/\/linitiative.ca\/International\/wp-json\/wp\/v2\/categories?post=124595"},{"taxonomy":"post_tag","embeddable":true,"href":"https:\/\/linitiative.ca\/International\/wp-json\/wp\/v2\/tags?post=124595"}],"curies":[{"name":"wp","href":"https:\/\/api.w.org\/{rel}","templated":true}]}}