{"id":124596,"date":"2021-08-19T16:03:31","date_gmt":"2021-08-19T20:03:31","guid":{"rendered":"https:\/\/linitiative.ca\/International\/tunisievideo-kais-saied-sexprime-sur-le-nouveau-gouvernement\/"},"modified":"2021-08-19T16:03:31","modified_gmt":"2021-08-19T20:03:31","slug":"tunisievideo-kais-saied-sexprime-sur-le-nouveau-gouvernement","status":"publish","type":"post","link":"https:\/\/linitiative.ca\/International\/tunisievideo-kais-saied-sexprime-sur-le-nouveau-gouvernement\/","title":{"rendered":"Tunisie[VIDEO]: Kais Saied s\u2019exprime sur le nouveau gouvernement"},"content":{"rendered":"<div>\n<p>Lors d\u2019une rencontre ce jeudi apr\u00e8s-midi 19 ao\u00fbt 2021, au palais de Carthage, avec le ministre des Affaires Sociales, Mohamed Trabelsi et la Charg\u00e9e de gestion du minist\u00e8re de l\u2019Economie, des Finances et de l\u2019Appui \u00e0 l\u2019Investissement, Sihem Boughdiri Namsia, le pr\u00e9sident de la R\u00e9publique, Kais Saied, a confirm\u00e9 que la composition du nouveau gouvernement [\u2026]<\/p>\n<p>L\u2019article <a href=\"https:\/\/www.tunisienumerique.com\/tunisievideo-kais-saied-sexprime-sur-le-nouveau-gouvernement\/\">Tunisie[VIDEO]: Kais Saied s\u2019exprime sur le nouveau gouvernement<\/a> est apparu en premier sur <a href=\"https:\/\/www.tunisienumerique.com\/\">Tunisie<\/a>.<\/p>\n<\/div>\n<p>Auteur: rania ben slimane<br \/>\n<a href=\"https:\/\/www.tunisienumerique.com\/tunisievideo-kais-saied-sexprime-sur-le-nouveau-gouvernement\/\">Cliquez ici pour lire l&rsquo;article depuis sa source.<\/a><\/p>\n","protected":false},"excerpt":{"rendered":"<p>Lors d\u2019une rencontre ce jeudi apr\u00e8s-midi 19 ao\u00fbt 2021, au palais de Carthage, avec le ministre des Affaires Sociales, Mohamed Trabelsi et la Charg\u00e9e de gestion du minist\u00e8re de l\u2019Economie, des Finances et de l\u2019Appui \u00e0 l\u2019Investissement, Sihem Boughdiri Namsia, le pr\u00e9sident de la R\u00e9publique, Kais Saied, a confirm\u00e9 que la composition du nouveau gouvernement [&hellip;]<\/p>\n","protected":false},"author":1789,"featured_media":0,"comment_status":"closed","ping_status":"closed","sticky":false,"template":"","format":"standard","meta":{"fifu_image_url":"","fifu_image_alt":"","footnotes":""},"categories":[73,55],"tags":[],"class_list":["post-124596","post","type-post","status-publish","format-standard","hentry","category-actualite","category-tunisie"],"_links":{"self":[{"href":"https:\/\/linitiative.ca\/International\/wp-json\/wp\/v2\/posts\/124596","targetHints":{"allow":["GET"]}}],"collection":[{"href":"https:\/\/linitiative.ca\/International\/wp-json\/wp\/v2\/posts"}],"about":[{"href":"https:\/\/linitiative.ca\/International\/wp-json\/wp\/v2\/types\/post"}],"author":[{"embeddable":true,"href":"https:\/\/linitiative.ca\/International\/wp-json\/wp\/v2\/users\/1789"}],"replies":[{"embeddable":true,"href":"https:\/\/linitiative.ca\/International\/wp-json\/wp\/v2\/comments?post=124596"}],"version-history":[{"count":0,"href":"https:\/\/linitiative.ca\/International\/wp-json\/wp\/v2\/posts\/124596\/revisions"}],"wp:attachment":[{"href":"https:\/\/linitiative.ca\/International\/wp-json\/wp\/v2\/media?parent=124596"}],"wp:term":[{"taxonomy":"category","embeddable":true,"href":"https:\/\/linitiative.ca\/International\/wp-json\/wp\/v2\/categories?post=124596"},{"taxonomy":"post_tag","embeddable":true,"href":"https:\/\/linitiative.ca\/International\/wp-json\/wp\/v2\/tags?post=124596"}],"curies":[{"name":"wp","href":"https:\/\/api.w.org\/{rel}","templated":true}]}}