{"id":124603,"date":"2021-08-18T20:20:29","date_gmt":"2021-08-19T00:20:29","guid":{"rendered":"https:\/\/linitiative.ca\/International\/le-printemps-de-la-justice-burkinabe\/"},"modified":"2021-08-18T20:20:29","modified_gmt":"2021-08-19T00:20:29","slug":"le-printemps-de-la-justice-burkinabe","status":"publish","type":"post","link":"https:\/\/linitiative.ca\/International\/le-printemps-de-la-justice-burkinabe\/","title":{"rendered":"Le printemps de la justice burkinab\u00e8"},"content":{"rendered":"<div>\n<p>Apr\u00e8s l\u2019organisation r\u00e9ussie du proc\u00e8s du putsch manqu\u00e9 de 2015, la justice burkinab\u00e8 vient de s\u2019illustrer une fois de plus, de la plus belle des mani\u00e8res, en tenant la premi\u00e8re session de la Chambre correctionnelle sp\u00e9cialis\u00e9e du p\u00f4le judiciaire sp\u00e9cialis\u00e9 dans la r\u00e9pression des actes de terrorisme du Tribunal de grande instance Ouaga-II. Ces deux proc\u00e8s aux allures de test de capacit\u00e9s pour notre justice ont prouv\u00e9 aux yeux du monde et surtout des organisations internationales en charge des droits humains, que le Burkina Faso a fait un bond qualitatif dans le respect du droit des accus\u00e9s, qui qu\u2019ils soient, aux principes \u00e9l\u00e9mentaires de la d\u00e9fense et de pr\u00e9somption d\u2019innocence.<\/p>\n<p>Pour preuve, au cours des deux jugements, des accus\u00e9s ont \u00e9t\u00e9 relax\u00e9s au profit du doute, synonyme qu\u2019il ne s\u2019agissait pas de simples formalit\u00e9s pour condamner des pr\u00e9venus, dont le sort aurait \u00e9t\u00e9 scell\u00e9 avant les proc\u00e8s. Dans deux mois environ, le 11 octobre 2021 exactement, la justice burkinab\u00e8 sera encore \u00e0 l\u2019\u00e9preuve, \u00e0 travers la tenue du proc\u00e8s des personnes mises en accusation dans l\u2019affaire de l\u2019assassinat du p\u00e8re de la R\u00e9volution burkinab\u00e8, Thomas Sankara et de ses 12 compagnons par le tribunal militaire.<\/p>\n<p>Ce professionnalisme et cette impartialit\u00e9 du pouvoir judiciaire ont d\u2019ailleurs \u00e9t\u00e9 constat\u00e9s dans le respect de toutes les proc\u00e9dures ayant abouti, notamment dans le dossier Thomas Sankara \u00e0 cette mise en accusation de la dizaine de personnes par la Chambre de contr\u00f4le de l\u2019instruction. Certes, certains accus\u00e9s comme l\u2019ancien Pr\u00e9sident du Faso, Blaise Compaor\u00e9 et Hyacinthe Kafando (hors du pays) seront jug\u00e9s par contumace s\u2019ils ne sont pas pr\u00e9sents \u00e0 la barre, mais cela ne leur enl\u00e8ve en rien le droit \u00e0 la d\u00e9fense.<\/p>\n<p>Dans cette m\u00eame ambiance, se dessinent progressivement les proc\u00e8s du dernier gouvernement de Blaise Compaor\u00e9 (proc\u00e8s de l\u2019insurrection populaire) et celui du dossier Norbert-Zongo. Mais l\u2019on a du mal \u00e0 comprendre les agitations des avocats de Fran\u00e7ois Compaor\u00e9, qui font des pieds et des mains pour que leur client ne soit pas extrad\u00e9 pour r\u00e9pondre des faits qui lui sont reproch\u00e9s. A quels risques de torture, de traitements inhumains et d\u00e9gradants la d\u00e9fense de Fran\u00e7ois Compaor\u00e9 fait-elle r\u00e9f\u00e9rence, si des hautes personnalit\u00e9s comme les g\u00e9n\u00e9raux Djibrill Bassol\u00e9 et Gilbert Diend\u00e9r\u00e9, de m\u00eame que de nombreux ministres n\u2019ont pas eu la moindre \u00e9gratignure lors de leur d\u00e9tention ?<\/p>\n<p>A tout point de vue, il s\u2019agit simplement et purement d\u2019une gymnastique pour que le fr\u00e8re cadet de l\u2019ex-pr\u00e9sident du Faso \u00e9chappe \u00e0 la justice de son pays et c\u2019est cela que la Cour europ\u00e9enne des droits de l\u2019homme doit comprendre. En attendant, le Burkina Faso peut d\u00e9sormais se vanter d\u2019un pouvoir judiciaire de plus en plus ind\u00e9pendant, m\u00eame si dans le fonds et \u00e0 plusieurs niveaux, de gros efforts restent \u00e0 faire.<\/p>\n<p style=\"text-align: right\"><strong>Jean-Marie TOE <\/strong><\/p>\n<p>L\u2019article <a rel=\"nofollow\" href=\"https:\/\/www.sidwaya.info\/blog\/2021\/08\/19\/le-printemps-de-la-justice-burkinabe\/\">Le printemps de la justice burkinab\u00e8<\/a> est apparu en premier sur <a rel=\"nofollow\" href=\"https:\/\/www.sidwaya.info\/\">Quotidien Sidwaya<\/a>.<\/p>\n<\/div>\n<p>Auteur: JK. Sidwaya<br \/>\n<a href=\"https:\/\/www.sidwaya.info\/blog\/2021\/08\/19\/le-printemps-de-la-justice-burkinabe\/\">Cliquez ici pour lire l&rsquo;article depuis sa source.<\/a><\/p>\n","protected":false},"excerpt":{"rendered":"<p>Apr\u00e8s l\u2019organisation r\u00e9ussie du proc\u00e8s du putsch manqu\u00e9 de 2015, la justice burkinab\u00e8 vient de s\u2019illustrer une fois de plus, de la plus belle des mani\u00e8res, en tenant la premi\u00e8re session de la Chambre correctionnelle sp\u00e9cialis\u00e9e du p\u00f4le judiciaire sp\u00e9cialis\u00e9 dans la r\u00e9pression des actes de terrorisme du Tribunal de grande instance Ouaga-II. Ces deux [&hellip;]<\/p>\n","protected":false},"author":1816,"featured_media":0,"comment_status":"closed","ping_status":"closed","sticky":false,"template":"","format":"standard","meta":{"fifu_image_url":"","fifu_image_alt":"","footnotes":""},"categories":[73,81],"tags":[],"class_list":["post-124603","post","type-post","status-publish","format-standard","hentry","category-actualite","category-burkina-faso"],"_links":{"self":[{"href":"https:\/\/linitiative.ca\/International\/wp-json\/wp\/v2\/posts\/124603","targetHints":{"allow":["GET"]}}],"collection":[{"href":"https:\/\/linitiative.ca\/International\/wp-json\/wp\/v2\/posts"}],"about":[{"href":"https:\/\/linitiative.ca\/International\/wp-json\/wp\/v2\/types\/post"}],"author":[{"embeddable":true,"href":"https:\/\/linitiative.ca\/International\/wp-json\/wp\/v2\/users\/1816"}],"replies":[{"embeddable":true,"href":"https:\/\/linitiative.ca\/International\/wp-json\/wp\/v2\/comments?post=124603"}],"version-history":[{"count":0,"href":"https:\/\/linitiative.ca\/International\/wp-json\/wp\/v2\/posts\/124603\/revisions"}],"wp:attachment":[{"href":"https:\/\/linitiative.ca\/International\/wp-json\/wp\/v2\/media?parent=124603"}],"wp:term":[{"taxonomy":"category","embeddable":true,"href":"https:\/\/linitiative.ca\/International\/wp-json\/wp\/v2\/categories?post=124603"},{"taxonomy":"post_tag","embeddable":true,"href":"https:\/\/linitiative.ca\/International\/wp-json\/wp\/v2\/tags?post=124603"}],"curies":[{"name":"wp","href":"https:\/\/api.w.org\/{rel}","templated":true}]}}