{"id":124607,"date":"2021-08-19T07:18:02","date_gmt":"2021-08-19T11:18:02","guid":{"rendered":"https:\/\/linitiative.ca\/International\/militaire-politique-et-migration-au-menu-des-quotidiens-marocains\/"},"modified":"2021-08-19T07:18:02","modified_gmt":"2021-08-19T11:18:02","slug":"militaire-politique-et-migration-au-menu-des-quotidiens-marocains","status":"publish","type":"post","link":"https:\/\/linitiative.ca\/International\/militaire-politique-et-migration-au-menu-des-quotidiens-marocains\/","title":{"rendered":"Militaire, politique et migration au menu des quotidiens marocains"},"content":{"rendered":"<div>\n<p><img loading=\"lazy\" decoding=\"async\" width=\"287\" height=\"176\" src=\"https:\/\/linitiative.ca\/International\/wp-content\/uploads\/sites\/23\/2021\/08\/16293718822629.jpg\" class=\"attachment-post-thumbnail size-post-thumbnail wp-post-image\" alt=\"\"><\/p>\n<p>Le d\u00e9veloppement de l&rsquo;industrie militaire marocaine, les enjeux des prochaines \u00e9lections et la migration clandestine sont les principaux sujets trait\u00e9s par les quotidiens marocains parus ce jeudi.+Aujourd&rsquo;hui le Maroc+, qui aborde l&rsquo;industrie militaire marocaine, qui sera d\u00e9velopp\u00e9e apr\u00e8s la publication au Bulletin officiel du d\u00e9cret portant application de la loi relative aux mat\u00e9riels et \u00e9quipement de d\u00e9fense et de s\u00e9curit\u00e9, des armes et des munitions, \u00e9crit qu&rsquo;aujourd&rsquo;hui, parler d&rsquo;une industrie militaire et d&rsquo;armement au Maroc \u00ab\u00a0peut \u00e9tonner, voire faire sourire certains\u00a0\u00bb, comme en 2004, quand les ambitions d\u00e9clar\u00e9es officiellement de devenir un champion r\u00e9gional et mondial de la voiture \u00e9taient confront\u00e9es au scepticisme de certains milieux, y compris au Maroc m\u00eame.<\/p>\n<p>Mais, \u00e0 l&rsquo;instar de l&rsquo;industrie automobile au Maroc, dont la capacit\u00e9 de production est actuellement de 700.000 v\u00e9hicules par an, \u201cquand la vision et la volont\u00e9 y sont, les moyens et les investissements suivent m\u00e9caniquement\u201d, constate le journal.<\/p>\n<p>Aujourd&rsquo;hui, le positionnement du Maroc dans le cercle ferm\u00e9 des plateformes les plus en vue de la r\u00e9gion est \u201cla preuve qu&rsquo;un \u00e9cosyst\u00e8me qui peut sembler a priori compliqu\u00e9 et complexe \u00e0 monter est r\u00e9alisable\u201d, rel\u00e8ve-t-il.<\/p>\n<p>+Al Bayane+, qui revient sur les enjeux des prochaines \u00e9lections, \u00e9crit que l&rsquo;attente d&rsquo;un changement au niveau du gouvernement, au niveau des communes et des r\u00e9gions est tout aussi grande que l&rsquo;ambition du peuple marocain de vivre dans la paix, la concorde, la coh\u00e9sion sociale, l&rsquo;essor \u00e9conomique, la justice sociale et le d\u00e9veloppement durable de l&rsquo;ensemble de son territoire.<\/p>\n<p>Mais, bien que les femmes pourvoient 90 si\u00e8ges dans la nouvelle Chambre des Repr\u00e9sentants, \u201ccela reste peu, eu \u00e9gard aux nombreuses potentialit\u00e9s que pr\u00e9sente cette partie majoritaire de la population\u201d, note la publication.<\/p>\n<p>De m\u00eame, la discrimination positive envers les jeunes pour acc\u00e9der \u00e0 la Chambre des repr\u00e9sentants a permis une avanc\u00e9e sans pour autant convaincre, car la question de la participation, notamment des jeunes, reste enti\u00e8re, rel\u00e8ve-t-il, appelant \u00e0 s&rsquo;ing\u00e9nier pour les amener \u00e0 voter afin notamment de barrer la route \u00e0 l&rsquo;achat des voix par les mercantilistes des \u00e9lections.<\/p>\n<p>+Rissalat Al Oumma+ rapporte que les autorit\u00e9s locales et les services de s\u00e9curit\u00e9 de Tarfaya ont mis en \u00e9chec trois tentatives de migration clandestine vers les \u00eeles Canaries au cours des derni\u00e8res 24 heures.<\/p>\n<p>Selon les autorit\u00e9s locales, une embarcation avec \u00e0 bord 38 candidats \u00e0 l&rsquo;\u00e9migration clandestine, tous des citoyens marocains dont deux femmes, a \u00e9t\u00e9 intercept\u00e9e sur la plage d&rsquo;Amgriou, dans la province de Tarfaya.<\/p>\n<p>Une tentative de migration clandestine a \u00e9t\u00e9 \u00e9galement d\u00e9jou\u00e9e sur la plage Naila \u00e0 Tarfaya, impliquant 17 Subsahariens, et une autre sur la plage de Tarfaya mettant en cause 38 Subsahariens dont 09 femmes et 04 enfants, selon les m\u00eames sources, cit\u00e9es par le quotidien.<\/p>\n<p>Cet article <a rel=\"nofollow\" href=\"https:\/\/www.journalducameroun.com\/militaire-politique-et-migration-au-menu-des-quotidiens-marocains\/\">Militaire, politique et migration au menu des quotidiens marocains<\/a> est apparu en premier sur <a rel=\"nofollow\" href=\"https:\/\/www.journalducameroun.com\/\">Journal du Cameroun<\/a>.<\/p>\n<\/div>\n<p>Auteur: APA News<br \/>\n<a href=\"https:\/\/www.journalducameroun.com\/militaire-politique-et-migration-au-menu-des-quotidiens-marocains\/\">Cliquez ici pour lire l&rsquo;article depuis sa source.<\/a><\/p>\n","protected":false},"excerpt":{"rendered":"<p>Le d\u00e9veloppement de l&rsquo;industrie militaire marocaine, les enjeux des prochaines \u00e9lections et la migration clandestine sont les principaux sujets trait\u00e9s par les quotidiens marocains parus ce jeudi.+Aujourd&rsquo;hui le Maroc+, qui aborde l&rsquo;industrie militaire marocaine, qui sera d\u00e9velopp\u00e9e apr\u00e8s la publication au Bulletin officiel du d\u00e9cret portant application de la loi relative aux mat\u00e9riels et \u00e9quipement [&hellip;]<\/p>\n","protected":false},"author":1965,"featured_media":0,"comment_status":"closed","ping_status":"closed","sticky":false,"template":"","format":"standard","meta":{"fifu_image_url":"https:\/\/www.journalducameroun.com\/wp-content\/uploads\/2021\/08\/16293718822629.jpg","fifu_image_alt":"Militaire, politique et migration au menu des quotidiens marocains","footnotes":""},"categories":[73,82],"tags":[],"class_list":["post-124607","post","type-post","status-publish","format-standard","hentry","category-actualite","category-cameroun"],"_links":{"self":[{"href":"https:\/\/linitiative.ca\/International\/wp-json\/wp\/v2\/posts\/124607","targetHints":{"allow":["GET"]}}],"collection":[{"href":"https:\/\/linitiative.ca\/International\/wp-json\/wp\/v2\/posts"}],"about":[{"href":"https:\/\/linitiative.ca\/International\/wp-json\/wp\/v2\/types\/post"}],"author":[{"embeddable":true,"href":"https:\/\/linitiative.ca\/International\/wp-json\/wp\/v2\/users\/1965"}],"replies":[{"embeddable":true,"href":"https:\/\/linitiative.ca\/International\/wp-json\/wp\/v2\/comments?post=124607"}],"version-history":[{"count":0,"href":"https:\/\/linitiative.ca\/International\/wp-json\/wp\/v2\/posts\/124607\/revisions"}],"wp:attachment":[{"href":"https:\/\/linitiative.ca\/International\/wp-json\/wp\/v2\/media?parent=124607"}],"wp:term":[{"taxonomy":"category","embeddable":true,"href":"https:\/\/linitiative.ca\/International\/wp-json\/wp\/v2\/categories?post=124607"},{"taxonomy":"post_tag","embeddable":true,"href":"https:\/\/linitiative.ca\/International\/wp-json\/wp\/v2\/tags?post=124607"}],"curies":[{"name":"wp","href":"https:\/\/api.w.org\/{rel}","templated":true}]}}