{"id":124613,"date":"2021-08-19T11:38:00","date_gmt":"2021-08-19T15:38:00","guid":{"rendered":"https:\/\/linitiative.ca\/International\/cameroun-brenda-biya-la-fille-du-president-declare-ses-biens\/"},"modified":"2021-08-19T11:38:00","modified_gmt":"2021-08-19T15:38:00","slug":"cameroun-brenda-biya-la-fille-du-president-declare-ses-biens","status":"publish","type":"post","link":"https:\/\/linitiative.ca\/International\/cameroun-brenda-biya-la-fille-du-president-declare-ses-biens\/","title":{"rendered":"Cameroun : Brenda Biya, la fille du pr\u00e9sident d\u00e9clare ses biens"},"content":{"rendered":"<div>\n<p><img loading=\"lazy\" decoding=\"async\" width=\"600\" height=\"578\" src=\"https:\/\/linitiative.ca\/International\/wp-content\/uploads\/sites\/23\/2021\/08\/Brenda-Biya.jpg\" class=\"attachment-post-thumbnail size-post-thumbnail wp-post-image\" alt=\"\" srcset=\"https:\/\/linitiative.ca\/International\/wp-content\/uploads\/sites\/23\/2021\/08\/Brenda-Biya.jpg 600w, https:\/\/www.journalducameroun.com\/wp-content\/uploads\/2021\/08\/Brenda-Biya-300x289.jpg 300w, https:\/\/www.journalducameroun.com\/wp-content\/uploads\/2021\/08\/Brenda-Biya-457x440.jpg 457w\" sizes=\"auto, (max-width: 600px) 100vw, 600px\"><\/p>\n<h5>Ce 19 ao\u00fbt 2021, l\u2019ancienne \u00e9tudiante de l\u2019Ecole nationale d\u2019administration et magistrature (ENAM) a d\u00e9voil\u00e9 les biens qu\u2019elle poss\u00e8de.<\/h5>\n<p>\u00a0<\/p>\n<p>Brenda, la fille du pr\u00e9sident de la R\u00e9publique s\u2019est r\u00e9veill\u00e9e ce matin avec une envie de transparence. Mais aussi une envie de remercier Dieu pour ses b\u00e9n\u00e9dictions.<\/p>\n<p>Dans un message auto-glorificateur publi\u00e9 sur compte Instagram, la fille du pr\u00e9sident <strong>Paul Biya<\/strong> liste ses bens. \u00a0\u00ab\u00a0<em>Assez b\u00e9ni pour avoir eu de nombreuses opportunit\u00e9s. Pour pouvoir m&rsquo;appeler une femme d&rsquo;affaires poss\u00e9dant une entreprise de coiffure aux \u00c9tats-Unis, un h\u00f4tel au Cameroun. Sortie EP (album musical Ndlr), et maintenant une ligne de soins de la peau. C\u2019est Dieu qui donne <\/em>\u00bb, conclut Brenda Biya.<\/p>\n<figure id=\"attachment_393022\" aria-describedby=\"caption-attachment-393022\" style=\"width: 492px\" class=\"wp-caption aligncenter\"><img loading=\"lazy\" decoding=\"async\" class=\"wp-image-393022 \" src=\"https:\/\/linitiative.ca\/International\/wp-content\/uploads\/sites\/23\/2021\/08\/brenda_biya_ses_biens_people237.jpg\" alt=\"\" width=\"492\" height=\"562\"><figcaption id=\"caption-attachment-393022\" class=\"wp-caption-text\">Message captur\u00e9 de Brenda Biya sur Instagram<\/figcaption><\/figure>\n<p>Quelques minutes plus tard, elle d\u00e9cide de supprimer sa publication qui suscitait d\u00e9j\u00e0 de bons et mauvais commentaires \u00e0 son endroit.<\/p>\n<p>La fille du chef de l\u2019Etat est une passionn\u00e9e des r\u00e9seaux sociaux. Le r\u00e9seau Instagram semble son pr\u00e9f\u00e9r\u00e9. Elle y publie r\u00e9guli\u00e8rement photos,\u00a0 vid\u00e9os et r\u00e9alise des vid\u00e9os en direct.<\/p>\n<p>Cet article <a rel=\"nofollow\" href=\"https:\/\/www.journalducameroun.com\/cameroun-brenda-biya-la-fille-du-president-declare-ses-biens-cameroun\/\">Cameroun : Brenda Biya, la fille du pr\u00e9sident d\u00e9clare ses biens<\/a> est apparu en premier sur <a rel=\"nofollow\" href=\"https:\/\/www.journalducameroun.com\/\">Journal du Cameroun<\/a>.<\/p>\n<\/div>\n<p>Auteur: Christian DJIMADEU<br \/>\n<a href=\"https:\/\/www.journalducameroun.com\/cameroun-brenda-biya-la-fille-du-president-declare-ses-biens-cameroun\/\">Cliquez ici pour lire l&rsquo;article depuis sa source.<\/a><\/p>\n","protected":false},"excerpt":{"rendered":"<p>Ce 19 ao\u00fbt 2021, l\u2019ancienne \u00e9tudiante de l\u2019Ecole nationale d\u2019administration et magistrature (ENAM) a d\u00e9voil\u00e9 les biens qu\u2019elle poss\u00e8de. \u00a0 Brenda, la fille du pr\u00e9sident de la R\u00e9publique s\u2019est r\u00e9veill\u00e9e ce matin avec une envie de transparence. Mais aussi une envie de remercier Dieu pour ses b\u00e9n\u00e9dictions. Dans un message auto-glorificateur publi\u00e9 sur compte Instagram, [&hellip;]<\/p>\n","protected":false},"author":1965,"featured_media":0,"comment_status":"closed","ping_status":"closed","sticky":false,"template":"","format":"standard","meta":{"fifu_image_url":"https:\/\/www.journalducameroun.com\/wp-content\/uploads\/2021\/08\/Brenda-Biya.jpg","fifu_image_alt":"Cameroun : Brenda Biya, la fille du pr\u00e9sident d\u00e9clare ses biens","footnotes":""},"categories":[73,82],"tags":[],"class_list":["post-124613","post","type-post","status-publish","format-standard","hentry","category-actualite","category-cameroun"],"_links":{"self":[{"href":"https:\/\/linitiative.ca\/International\/wp-json\/wp\/v2\/posts\/124613","targetHints":{"allow":["GET"]}}],"collection":[{"href":"https:\/\/linitiative.ca\/International\/wp-json\/wp\/v2\/posts"}],"about":[{"href":"https:\/\/linitiative.ca\/International\/wp-json\/wp\/v2\/types\/post"}],"author":[{"embeddable":true,"href":"https:\/\/linitiative.ca\/International\/wp-json\/wp\/v2\/users\/1965"}],"replies":[{"embeddable":true,"href":"https:\/\/linitiative.ca\/International\/wp-json\/wp\/v2\/comments?post=124613"}],"version-history":[{"count":0,"href":"https:\/\/linitiative.ca\/International\/wp-json\/wp\/v2\/posts\/124613\/revisions"}],"wp:attachment":[{"href":"https:\/\/linitiative.ca\/International\/wp-json\/wp\/v2\/media?parent=124613"}],"wp:term":[{"taxonomy":"category","embeddable":true,"href":"https:\/\/linitiative.ca\/International\/wp-json\/wp\/v2\/categories?post=124613"},{"taxonomy":"post_tag","embeddable":true,"href":"https:\/\/linitiative.ca\/International\/wp-json\/wp\/v2\/tags?post=124613"}],"curies":[{"name":"wp","href":"https:\/\/api.w.org\/{rel}","templated":true}]}}