{"id":124616,"date":"2021-08-19T16:18:01","date_gmt":"2021-08-19T20:18:01","guid":{"rendered":"https:\/\/linitiative.ca\/International\/prison-dabidjan-22-agents-penitentiaires-grevistes-dont-2-femmes-arretes\/"},"modified":"2021-08-19T16:18:01","modified_gmt":"2021-08-19T20:18:01","slug":"prison-dabidjan-22-agents-penitentiaires-grevistes-dont-2-femmes-arretes","status":"publish","type":"post","link":"https:\/\/linitiative.ca\/International\/prison-dabidjan-22-agents-penitentiaires-grevistes-dont-2-femmes-arretes\/","title":{"rendered":"Prison d\u2019Abidjan: 22 agents p\u00e9nitentiaires gr\u00e9vistes dont 2 femmes arr\u00eat\u00e9s"},"content":{"rendered":"<div>\n<p><img loading=\"lazy\" decoding=\"async\" width=\"512\" height=\"288\" src=\"https:\/\/linitiative.ca\/International\/wp-content\/uploads\/sites\/23\/2021\/08\/16294042821325.jpg\" class=\"attachment-post-thumbnail size-post-thumbnail wp-post-image\" alt=\"\" srcset=\"https:\/\/linitiative.ca\/International\/wp-content\/uploads\/sites\/23\/2021\/08\/16294042821325.jpg 512w, https:\/\/www.journalducameroun.com\/wp-content\/uploads\/2021\/08\/16294042821325-300x169.jpg 300w, https:\/\/www.journalducameroun.com\/wp-content\/uploads\/2021\/08\/16294042821325-780x440.jpg 780w, https:\/\/www.journalducameroun.com\/wp-content\/uploads\/2021\/08\/16294042821325-380x215.jpg 380w, https:\/\/www.journalducameroun.com\/wp-content\/uploads\/2021\/08\/16294042821325-160x90.jpg 160w, https:\/\/www.journalducameroun.com\/wp-content\/uploads\/2021\/08\/16294042821325-240x135.jpg 240w\" sizes=\"auto, (max-width: 512px) 100vw, 512px\"><\/p>\n<p>Vingt-deux agents de la garde p\u00e9nitentiaires dont deux femmes ont \u00e9t\u00e9 arr\u00eat\u00e9s mercredi lors d&rsquo;une gr\u00e8ve \u00e0 la Maison d&rsquo;arr\u00eat et de correction d&rsquo;Abidjan (Maca), selon une note s\u00e9curitaire \u00e9tablissant le bilan des interpellations, consult\u00e9e jeudi par APA.<\/p>\n<p>Ces agents \u00a0arr\u00eat\u00e9s devaient \u00eatre lib\u00e9r\u00e9s dans les heures qui suivent apr\u00e8s une rencontre avec le ministre ivoirien de la Justice qui s&rsquo;est achev\u00e9e jeudi soir.<\/p>\n<p>Les gr\u00e9vistes annoncent la suspension de leur mot d&rsquo;ordre de gr\u00e8ve apr\u00e8s avoir obtenu cinq points d&rsquo;accord sur neuf de leurs revendications, selon des sources concordantes.<\/p>\n<p>Un fort d\u00e9tachement de forces de l&rsquo;ordre \u00e9tait d\u00e9ploy\u00e9 \u00e0 la Maca, la plus grande prison du pays, de 7h30 \u00e0 13h (GMT, heure locale) suite \u00e0 la gr\u00e8ve des agents de la garde p\u00e9nitentiaire. Ils ont \u00e9t\u00e9 \u00ab\u00a0interpell\u00e9s et conduits par la gendarmerie et la police pour troubles \u00e0 l&rsquo;ordre public\u00a0\u00bb.\u00a0<\/p>\n<p>\u00a0Sur ces 22 agents interpell\u00e9s, l&rsquo;on compte 20 hommes et deux femmes. Parmi eux, treize agents mis \u00e0 la disposition de la gendarmerie ont \u00e9t\u00e9 conduits \u00e0 Agban et neuf autres mis \u00e0 la disposition de la police nationale ont \u00e9t\u00e9 conduits \u00e0 la pr\u00e9fecture de police.\u00a0<\/p>\n<p>Les individus interpell\u00e9s ont \u00e9t\u00e9 conduits, selon la note, \u00ab\u00a0sous bonne escorte par diff\u00e9rentes forces en pr\u00e9sence\u00a0\u00bb. En outre, la situation est actuellement calme au niveau de la Maca et le \u00a0procureur de Yopougon (Ouest Abidjan) est \u00ab\u00a0inform\u00e9\u00a0\u00bb.<\/p>\n<p>Une \u00ab\u00a0enqu\u00eate est en cours\u00a0\u00bb et devrait situer les responsabilit\u00e9s de ces agents gr\u00e9vistes de la garde p\u00e9nitentiaire qui revendiquent, entre autres, un arr\u00eat\u00e9 minist\u00e9riel pour que leur tenue s&rsquo;accompagne par le galonage, car chacun s&rsquo;habille dans le \u00ab\u00a0billard\u00a0\u00bb avec des grades qu&rsquo;il s&rsquo;octroie.<\/p>\n<p>Le Collectif des syndicats revendique un bail plus cons\u00e9quent, parce que les taux actuels dont \u00ab\u00a0le plus bas est \u00e0 70.000 Fcfa et de fa\u00e7on graduelle \u00e0 80.000 Fcfa, 90.000 Fcfa et 170.000 Fcfa \u00ab\u00a0ne sont plus concurrentiels sur le terrain\u00a0\u00bb.<\/p>\n<p>Cet article <a rel=\"nofollow\" href=\"https:\/\/www.journalducameroun.com\/prison-dabidjan-22-agents-penitentiaires-grevistes-dont-2-femmes-arretes\/\">Prison d\u2019Abidjan: 22 agents p\u00e9nitentiaires gr\u00e9vistes dont 2 femmes arr\u00eat\u00e9s<\/a> est apparu en premier sur <a rel=\"nofollow\" href=\"https:\/\/www.journalducameroun.com\/\">Journal du Cameroun<\/a>.<\/p>\n<\/div>\n<p>Auteur: APA News<br \/>\n<a href=\"https:\/\/www.journalducameroun.com\/prison-dabidjan-22-agents-penitentiaires-grevistes-dont-2-femmes-arretes\/\">Cliquez ici pour lire l&rsquo;article depuis sa source.<\/a><\/p>\n","protected":false},"excerpt":{"rendered":"<p>Vingt-deux agents de la garde p\u00e9nitentiaires dont deux femmes ont \u00e9t\u00e9 arr\u00eat\u00e9s mercredi lors d&rsquo;une gr\u00e8ve \u00e0 la Maison d&rsquo;arr\u00eat et de correction d&rsquo;Abidjan (Maca), selon une note s\u00e9curitaire \u00e9tablissant le bilan des interpellations, consult\u00e9e jeudi par APA. Ces agents \u00a0arr\u00eat\u00e9s devaient \u00eatre lib\u00e9r\u00e9s dans les heures qui suivent apr\u00e8s une rencontre avec le ministre [&hellip;]<\/p>\n","protected":false},"author":1965,"featured_media":0,"comment_status":"closed","ping_status":"closed","sticky":false,"template":"","format":"standard","meta":{"fifu_image_url":"https:\/\/www.journalducameroun.com\/wp-content\/uploads\/2021\/08\/16294042821325.jpg","fifu_image_alt":"Prison d\u2019Abidjan: 22 agents p\u00e9nitentiaires gr\u00e9vistes dont 2 femmes arr\u00eat\u00e9s","footnotes":""},"categories":[73,82],"tags":[],"class_list":["post-124616","post","type-post","status-publish","format-standard","hentry","category-actualite","category-cameroun"],"_links":{"self":[{"href":"https:\/\/linitiative.ca\/International\/wp-json\/wp\/v2\/posts\/124616","targetHints":{"allow":["GET"]}}],"collection":[{"href":"https:\/\/linitiative.ca\/International\/wp-json\/wp\/v2\/posts"}],"about":[{"href":"https:\/\/linitiative.ca\/International\/wp-json\/wp\/v2\/types\/post"}],"author":[{"embeddable":true,"href":"https:\/\/linitiative.ca\/International\/wp-json\/wp\/v2\/users\/1965"}],"replies":[{"embeddable":true,"href":"https:\/\/linitiative.ca\/International\/wp-json\/wp\/v2\/comments?post=124616"}],"version-history":[{"count":0,"href":"https:\/\/linitiative.ca\/International\/wp-json\/wp\/v2\/posts\/124616\/revisions"}],"wp:attachment":[{"href":"https:\/\/linitiative.ca\/International\/wp-json\/wp\/v2\/media?parent=124616"}],"wp:term":[{"taxonomy":"category","embeddable":true,"href":"https:\/\/linitiative.ca\/International\/wp-json\/wp\/v2\/categories?post=124616"},{"taxonomy":"post_tag","embeddable":true,"href":"https:\/\/linitiative.ca\/International\/wp-json\/wp\/v2\/tags?post=124616"}],"curies":[{"name":"wp","href":"https:\/\/api.w.org\/{rel}","templated":true}]}}