{"id":124622,"date":"2021-08-19T12:10:52","date_gmt":"2021-08-19T16:10:52","guid":{"rendered":"https:\/\/linitiative.ca\/International\/lutte-contre-la-covid-19-lida-va-financer-pour-15-milliards-le-plan-de-riposte-camerounais\/"},"modified":"2021-08-19T12:10:52","modified_gmt":"2021-08-19T16:10:52","slug":"lutte-contre-la-covid-19-lida-va-financer-pour-15-milliards-le-plan-de-riposte-camerounais","status":"publish","type":"post","link":"https:\/\/linitiative.ca\/International\/lutte-contre-la-covid-19-lida-va-financer-pour-15-milliards-le-plan-de-riposte-camerounais\/","title":{"rendered":"Lutte contre la Covid-19 : l\u2019IDA va financer pour 15 milliards le plan de riposte camerounais"},"content":{"rendered":"<div>\n<p>Le pr\u00e9sident de la R\u00e9publique a autoris\u00e9, le 13 ao\u00fbt 2021, le ministre de l\u2019Economie, de la planification et de l\u2019am\u00e9nagement du territoire \u00e0 signer avec\u00a0l\u2019<a href=\"https:\/\/ecomatin.net\/relance-post-covid-les-etats-africains-veulent-mobiliser-100-milliards-usd-dans-le-cadre-de-lida-20\/\"><strong>Association internationale de d\u00e9veloppement\u00a0(IDA)<\/strong><\/a>, guichet concessionnel du groupe de la Banque mondiale, un accord de pr\u00eat d\u2019un montant de 21,17 millions de droits de tirage sp\u00e9ciaux (DTS), correspondant \u00e0 29 millions de dollars, soit environ 15 milliards de FCFA. Ceci pour le financement du projet de pr\u00e9paration et de r\u00e9ponse au Covid-19. \u00a0<\/p>\n<p><strong>Lire aussi<\/strong> : <strong><a href=\"https:\/\/ecomatin.net\/comptes-daffectation-speciale-100-milliardss-de-plus-pour-le-fonctionnement-du-fonds-covid\/\">Comptes d\u2019affectation sp\u00e9ciale : 100 milliards de plus pour le fonctionnement du fonds Covid<\/a><\/strong><\/p>\n<p>Cette enveloppe viendra s\u2019ajouter aux multiples d\u00e9cisions prises par le gouvernement du Cameroun pour contrer l\u2019\u00e9volution de la maladie. Entre autres \u00e9l\u00e9ments, le plan national de vaccination, la mise sur pied d\u2019un\u00a0<strong><a href=\"https:\/\/ecomatin.net\/comptes-daffectation-speciale-100-milliardss-de-plus-pour-le-fonctionnement-du-fonds-covid\/\">compte d\u2019affection sp\u00e9cial d\u00e9nomm\u00e9 \u00ab\u00a0Cas covid-19\u00a0\u00bb<\/a><\/strong>, qui doit \u00eatre provisionn\u00e9 \u00e0 hauteur de 200 milliards de FCFA pour le compte de l\u2019exercice budg\u00e9taire 2021, l\u2019adoption d\u2019une strat\u00e9gie gouvernementale de riposte et de r\u00e9silience \u00e9conomique et sociale qui s\u2019\u00e9tend de la p\u00e9riode 2020 \u00e0 2022. \u00a0<\/p>\n<p><strong>Lire aussi<\/strong> : <strong><a href=\"https:\/\/ecomatin.net\/relance-post-covid-les-etats-africains-veulent-mobiliser-100-milliards-usd-dans-le-cadre-de-lida-20\/\">Relance post-covid : les Etats africains veulent mobiliser 100 milliards USD dans le cadre de l\u2019IDA-20<\/a><\/strong><\/p>\n<p>Pour ce dernier \u00e9l\u00e9ment, il s\u2019articule autour de cinq piliers que sont\u00a0: le renforcement du syst\u00e8me de sant\u00e9 qui s\u2019\u00e9value \u00e0 58 milliards de Fcfa\u00a0; la r\u00e9silience \u00e9conomique et financi\u00e8re qui s\u2019\u00e9value \u00e0 375 milliards\u00a0; l\u2019approvisionnement strat\u00e9gique pour 5,5 milliards\u00a0; le renforcement de la recherche et de l\u2019innovation estim\u00e9 \u00e0 9,3 milliards et la r\u00e9silience sociale. \u00a0<\/p>\n<p>L\u2019article <a rel=\"nofollow\" href=\"https:\/\/ecomatin.net\/lutte-contre-la-covid-19-lida-va-financer-pour-15-milliards-le-plan-de-riposte-camerounais\/\">Lutte contre la Covid-19 : l\u2019IDA va financer pour 15 milliards le plan de riposte camerounais<\/a> est apparu en premier sur <a rel=\"nofollow\" href=\"https:\/\/ecomatin.net\/\">EcoMatin<\/a>.<\/p>\n<\/div>\n<p>Auteur: Cindy MBALA<br \/>\n<a href=\"https:\/\/ecomatin.net\/lutte-contre-la-covid-19-lida-va-financer-pour-15-milliards-le-plan-de-riposte-camerounais\/\">Cliquez ici pour lire l&rsquo;article depuis sa source.<\/a><\/p>\n","protected":false},"excerpt":{"rendered":"<p>Le pr\u00e9sident de la R\u00e9publique a autoris\u00e9, le 13 ao\u00fbt 2021, le ministre de l\u2019Economie, de la planification et de l\u2019am\u00e9nagement du territoire \u00e0 signer avec\u00a0l\u2019Association internationale de d\u00e9veloppement\u00a0(IDA), guichet concessionnel du groupe de la Banque mondiale, un accord de pr\u00eat d\u2019un montant de 21,17 millions de droits de tirage sp\u00e9ciaux (DTS), correspondant \u00e0 29 [&hellip;]<\/p>\n","protected":false},"author":1969,"featured_media":0,"comment_status":"closed","ping_status":"closed","sticky":false,"template":"","format":"standard","meta":{"fifu_image_url":"","fifu_image_alt":"","footnotes":""},"categories":[82,78],"tags":[],"class_list":["post-124622","post","type-post","status-publish","format-standard","hentry","category-cameroun","category-economie"],"_links":{"self":[{"href":"https:\/\/linitiative.ca\/International\/wp-json\/wp\/v2\/posts\/124622","targetHints":{"allow":["GET"]}}],"collection":[{"href":"https:\/\/linitiative.ca\/International\/wp-json\/wp\/v2\/posts"}],"about":[{"href":"https:\/\/linitiative.ca\/International\/wp-json\/wp\/v2\/types\/post"}],"author":[{"embeddable":true,"href":"https:\/\/linitiative.ca\/International\/wp-json\/wp\/v2\/users\/1969"}],"replies":[{"embeddable":true,"href":"https:\/\/linitiative.ca\/International\/wp-json\/wp\/v2\/comments?post=124622"}],"version-history":[{"count":0,"href":"https:\/\/linitiative.ca\/International\/wp-json\/wp\/v2\/posts\/124622\/revisions"}],"wp:attachment":[{"href":"https:\/\/linitiative.ca\/International\/wp-json\/wp\/v2\/media?parent=124622"}],"wp:term":[{"taxonomy":"category","embeddable":true,"href":"https:\/\/linitiative.ca\/International\/wp-json\/wp\/v2\/categories?post=124622"},{"taxonomy":"post_tag","embeddable":true,"href":"https:\/\/linitiative.ca\/International\/wp-json\/wp\/v2\/tags?post=124622"}],"curies":[{"name":"wp","href":"https:\/\/api.w.org\/{rel}","templated":true}]}}