{"id":12463,"date":"2019-02-08T14:00:17","date_gmt":"2019-02-08T19:00:17","guid":{"rendered":"https:\/\/linitiative.ca\/International\/video-pepsi-devoile-les-super-pouvoirs-de-messi-et-de-salah-pour-une-publicite\/"},"modified":"2019-02-08T14:00:17","modified_gmt":"2019-02-08T19:00:17","slug":"video-pepsi-devoile-les-super-pouvoirs-de-messi-et-de-salah-pour-une-publicite","status":"publish","type":"post","link":"https:\/\/linitiative.ca\/International\/video-pepsi-devoile-les-super-pouvoirs-de-messi-et-de-salah-pour-une-publicite\/","title":{"rendered":"Vid\u00e9o \u2013 Pepsi d\u00e9voile les \u00ab super-pouvoirs \u00bb de Messi et de Salah pour une publicit\u00e9"},"content":{"rendered":"<div class=\"wpsso-schema-image-for-pinterest c4\"><img loading=\"lazy\" decoding=\"async\" src=\"http:\/\/lobservateur.info\/wp-content\/uploads\/2019\/02\/Messi-salah.jpg\" width=\"0\" height=\"0\" class=\"c3\" data-pin-description=\"Pespi a d\u00e9voil\u00e9 cette semaine sur les r\u00e9seaux sociaux les coulisses de ce qui semble \u00eatre sa future campagne publicitaires. Dans deux vid\u00e9os, l\u2019une post\u00e9e sur Instagram et l\u2019autre sur Facebook, on peut en effet d\u00e9couvrir ce dont sont capables...\" alt=\"\"\/><\/div>\n<p><img loading=\"lazy\" decoding=\"async\" class=\"alignnone wp-image-57088 size-large\" src=\"http:\/\/lobservateur.info\/wp-content\/uploads\/2019\/02\/Messi-salah-550x359.jpg\" alt=\"\" width=\"550\" height=\"359\" data-wp-pid=\"57088\"\/><\/p>\n<p>Pespi a d\u00e9voil\u00e9 cette semaine sur les r\u00e9seaux sociaux les coulisses de ce qui semble \u00eatre sa future campagne publicitaires.<\/p>\n<p>Dans deux vid\u00e9os, l\u2019une post\u00e9e sur Instagram et l\u2019autre sur Facebook, on peut en effet d\u00e9couvrir ce dont sont capables deux stars mondiales du Football\u00a0: Lionel Messi et Mohammed Salah.<\/p>\n<p>Comme on peut le voir sur ces vid\u00e9os, les deux stars maitrisent mieux que quiconque le ballon et\u2026 les produits de Pepsi.<\/p>\n<blockquote class=\"instagram-media c32\" data-instgrm-captioned=\"\" data-instgrm-permalink=\"https:\/\/www.instagram.com\/p\/BtlYkXODKy6\/?utm_source=ig_embed&#038;utm_medium=loading\" data-instgrm-version=\"12\" readability=\"-13.6666666667\">\n<\/blockquote>\n","protected":false},"excerpt":{"rendered":"<p>Pespi a d\u00e9voil\u00e9 cette semaine sur les r\u00e9seaux sociaux les coulisses de ce qui semble \u00eatre sa future campagne publicitaires. Dans deux vid\u00e9os, l\u2019une post\u00e9e sur Instagram et l\u2019autre sur Facebook, on peut en effet d\u00e9couvrir ce dont sont capables deux stars mondiales du Football\u00a0: Lionel Messi et Mohammed Salah. Comme on peut le voir [&hellip;]<\/p>\n","protected":false},"author":1762,"featured_media":12465,"comment_status":"closed","ping_status":"closed","sticky":false,"template":"","format":"standard","meta":{"fifu_image_url":"","fifu_image_alt":"","footnotes":""},"categories":[73,54],"tags":[],"class_list":["post-12463","post","type-post","status-publish","format-standard","has-post-thumbnail","hentry","category-actualite","category-maroc"],"_links":{"self":[{"href":"https:\/\/linitiative.ca\/International\/wp-json\/wp\/v2\/posts\/12463","targetHints":{"allow":["GET"]}}],"collection":[{"href":"https:\/\/linitiative.ca\/International\/wp-json\/wp\/v2\/posts"}],"about":[{"href":"https:\/\/linitiative.ca\/International\/wp-json\/wp\/v2\/types\/post"}],"author":[{"embeddable":true,"href":"https:\/\/linitiative.ca\/International\/wp-json\/wp\/v2\/users\/1762"}],"replies":[{"embeddable":true,"href":"https:\/\/linitiative.ca\/International\/wp-json\/wp\/v2\/comments?post=12463"}],"version-history":[{"count":0,"href":"https:\/\/linitiative.ca\/International\/wp-json\/wp\/v2\/posts\/12463\/revisions"}],"wp:featuredmedia":[{"embeddable":true,"href":"https:\/\/linitiative.ca\/International\/wp-json\/"}],"wp:attachment":[{"href":"https:\/\/linitiative.ca\/International\/wp-json\/wp\/v2\/media?parent=12463"}],"wp:term":[{"taxonomy":"category","embeddable":true,"href":"https:\/\/linitiative.ca\/International\/wp-json\/wp\/v2\/categories?post=12463"},{"taxonomy":"post_tag","embeddable":true,"href":"https:\/\/linitiative.ca\/International\/wp-json\/wp\/v2\/tags?post=12463"}],"curies":[{"name":"wp","href":"https:\/\/api.w.org\/{rel}","templated":true}]}}