{"id":124637,"date":"2021-08-19T14:00:00","date_gmt":"2021-08-19T18:00:00","guid":{"rendered":"https:\/\/linitiative.ca\/International\/elargissement-des-cas-de-non-cumul-des-mandats\/"},"modified":"2021-08-19T14:00:00","modified_gmt":"2021-08-19T18:00:00","slug":"elargissement-des-cas-de-non-cumul-des-mandats","status":"publish","type":"post","link":"https:\/\/linitiative.ca\/International\/elargissement-des-cas-de-non-cumul-des-mandats\/","title":{"rendered":"\u00c9largissement des cas de non cumul des mandats"},"content":{"rendered":"<div>\n<p class=\"has-text-align-center has-vivid-red-color has-text-color\"><strong>\u00c9lections du 8 septembre<\/strong><\/p>\n<p class=\"has-black-color has-text-color\"><strong>Le d\u00e9bat sur le non-cumul des mandats a trouv\u00e9 une issue heureuse avec l\u2019adoption de la loi organique no 04.21 modifiant et compl\u00e9tant le texte de loi no 11.27 relatif \u00e0 la chambre des repr\u00e9sentants adopt\u00e9 par les deux chambres du parlement, outre la promulgation de nouvelles lois \u00e9lectorales.<\/strong><\/p>\n<p class=\"has-black-color has-text-color\">En effet, la loi 04.21 apporte d\u2019importantes modifications portant principalement sur la d\u00e9limitation des cas d\u2019incompatibilit\u00e9s du mandat de d\u00e9put\u00e9 avec ceux de pr\u00e9sident de r\u00e9gion ou encore de commune. L\u2019article 13 (2\u00e8me paragraphe) \u00e9num\u00e8re ainsi les incompatibilit\u00e9s pour les d\u00e9put\u00e9s qui ne sont plus autoris\u00e9s \u00e0 exercer un mandat de pr\u00e9sident d\u2019une r\u00e9gion, de conseils communaux et provinciaux ou encore la pr\u00e9sidence du conseil d\u2019une commune dont le nombre de la population d\u00e9passe les 300.000 \u00e2mes, selon le dernier recensement.<\/p>\n<p class=\"has-black-color has-text-color\">Cet \u00e9largissement des cas d\u2019incompatibilit\u00e9s a \u00e9t\u00e9 dict\u00e9 par les contraintes li\u00e9es \u00e0 l\u2019exercice de plusieurs mandats \u00e0 la fois, notamment pour les d\u00e9put\u00e9s qui pr\u00e9sidaient les conseils des grandes villes. Lesdits amendements ont \u00e9t\u00e9 salu\u00e9s par les acteurs politiques, les constitutionnalistes et autres observateurs de la chose locale, surtout concernant la gestion des agglom\u00e9rations de plus de 300.000 habitants.<\/p>\n<p class=\"has-black-color has-text-color\">Le m\u00eame paragraphe de l\u2019article 13 \u00e9nonce que le mandat de d\u00e9put\u00e9 est incompatible avec la pr\u00e9sidence d\u2019une chambre professionnelle, d\u2019un conseil communal ou encore le conseil d\u2019un arrondissement ou un groupement de collectivit\u00e9s territoriales.<\/p>\n<p class=\"has-black-color has-text-color\">Pour sa part, la loi organique no 21.05 qui modifie et compl\u00e8te la loi no 28.11 relative \u00e0 la chambre des conseillers stipule dans son article 14 (2\u00e8me paragraphe) que le mandat de conseiller est incompatible avec la pr\u00e9sidence d\u2019une r\u00e9gion, d\u2019un conseil communal ou provincial ou encore le conseil d\u2019une commune d\u00e9passant une population de plus de 300.000 habitants selon le dernier recensement.<\/p>\n<p class=\"has-black-color has-text-color\">Autre disposition dans le m\u00eame article, le mandat de conseiller dans la deuxi\u00e8me chambre est incompatible avec la pr\u00e9sidence d\u2019une chambre professionnelle, d\u2019un conseil communal ou encore le conseil d\u2019un arrondissement ou un groupement de collectivit\u00e9s territoriales.<\/p>\n<p class=\"has-black-color has-text-color\">Ce d\u00e9bat sous la coupole du parlement sur le non-cumul des mandats illustre l\u2019excellence du niveau de maturit\u00e9 politique dans notre pays et le degr\u00e9 \u00e9lev\u00e9 de r\u00e9activit\u00e9 face aux critiques de la soci\u00e9t\u00e9 civile qui s\u2019opposait jusque-l\u00e0 \u00e0 la persistance du ph\u00e9nom\u00e8ne de cumul des mandats. Moralit\u00e9 : moins cumuler pour plus d\u2019efficacit\u00e9.<\/p>\n<p>L\u2019article <a rel=\"nofollow\" href=\"http:\/\/albayane.press.ma\/elargissement-des-cas-de-non-cumul-des-mandats.html\">\u00c9largissement des cas de non cumul des mandats<\/a> est apparu en premier sur <a rel=\"nofollow\" href=\"http:\/\/albayane.press.ma\/\">ALBAYANE<\/a>.<\/p>\n<\/div>\n<p>Auteur: M&rsquo;hammed rahal<br \/>\n<a href=\"http:\/\/albayane.press.ma\/elargissement-des-cas-de-non-cumul-des-mandats.html\">Cliquez ici pour lire l&rsquo;article depuis sa source.<\/a><\/p>\n","protected":false},"excerpt":{"rendered":"<p>\u00c9lections du 8 septembre Le d\u00e9bat sur le non-cumul des mandats a trouv\u00e9 une issue heureuse avec l\u2019adoption de la loi organique no 04.21 modifiant et compl\u00e9tant le texte de loi no 11.27 relatif \u00e0 la chambre des repr\u00e9sentants adopt\u00e9 par les deux chambres du parlement, outre la promulgation de nouvelles lois \u00e9lectorales. En effet, [&hellip;]<\/p>\n","protected":false},"author":1760,"featured_media":0,"comment_status":"closed","ping_status":"closed","sticky":false,"template":"","format":"standard","meta":{"fifu_image_url":"","fifu_image_alt":"","footnotes":""},"categories":[73,54],"tags":[],"class_list":["post-124637","post","type-post","status-publish","format-standard","hentry","category-actualite","category-maroc"],"_links":{"self":[{"href":"https:\/\/linitiative.ca\/International\/wp-json\/wp\/v2\/posts\/124637","targetHints":{"allow":["GET"]}}],"collection":[{"href":"https:\/\/linitiative.ca\/International\/wp-json\/wp\/v2\/posts"}],"about":[{"href":"https:\/\/linitiative.ca\/International\/wp-json\/wp\/v2\/types\/post"}],"author":[{"embeddable":true,"href":"https:\/\/linitiative.ca\/International\/wp-json\/wp\/v2\/users\/1760"}],"replies":[{"embeddable":true,"href":"https:\/\/linitiative.ca\/International\/wp-json\/wp\/v2\/comments?post=124637"}],"version-history":[{"count":0,"href":"https:\/\/linitiative.ca\/International\/wp-json\/wp\/v2\/posts\/124637\/revisions"}],"wp:attachment":[{"href":"https:\/\/linitiative.ca\/International\/wp-json\/wp\/v2\/media?parent=124637"}],"wp:term":[{"taxonomy":"category","embeddable":true,"href":"https:\/\/linitiative.ca\/International\/wp-json\/wp\/v2\/categories?post=124637"},{"taxonomy":"post_tag","embeddable":true,"href":"https:\/\/linitiative.ca\/International\/wp-json\/wp\/v2\/tags?post=124637"}],"curies":[{"name":"wp","href":"https:\/\/api.w.org\/{rel}","templated":true}]}}