{"id":124638,"date":"2021-08-19T14:00:00","date_gmt":"2021-08-19T18:00:00","guid":{"rendered":"https:\/\/linitiative.ca\/International\/le-chef-de-gouvernement\/"},"modified":"2021-08-19T14:00:00","modified_gmt":"2021-08-19T18:00:00","slug":"le-chef-de-gouvernement","status":"publish","type":"post","link":"https:\/\/linitiative.ca\/International\/le-chef-de-gouvernement\/","title":{"rendered":"Le chef de gouvernement"},"content":{"rendered":"<div>\n<p class=\"has-vivid-cyan-blue-color has-text-color\"><strong>De quel mod\u00e8le du prochain chef de l\u2019ex\u00e9cutif aura besoin notre pays pour \u00eatre au diapason des enjeux \u00e0 venir\u00a0? Il est bien vrai qu\u2019on est encore bien loin de la primature tel que tiss\u00e9e dans les Nations o\u00f9 la d\u00e9mocratie a franchi de longues phases de progression. Mais, il faudra \u00a0confirmer, sans conteste que la Constitution de 2011 renferme des \u00e9volutions notoires, en particulier au niveau des pr\u00e9rogatives du chef gouvernement, baptis\u00e9 auparavant, premier ministre. En fait, la nouvelle appellation serait beaucoup plus significative que sa pr\u00e9c\u00e9dente en termes de pouvoir.<\/strong><\/p>\n<p class=\"has-black-color has-text-color\">S\u2019est-on servi de toutes ces attributions adopt\u00e9es par la loi supr\u00eame, au lendemain de cette exp\u00e9rience f\u0153tale\u00a0? Il ressort de cette d\u00e9cennie qui s\u2019ach\u00e8ve avec le mandat respectivement celui de Benkirane et d\u2019El Othmani.Le premier s\u2019est plut\u00f4t montr\u00e9 bourr\u00e9 de panache et de hargne, mais frisant le populisme sans parvenir pour autant, \u00e0 user \u00a0de capacit\u00e9 de faire r\u00e9gner la concorde dans le groupe, par son temp\u00e9rament antagoniste. Quoiqu\u2019on ne lui ait gu\u00e8re facilit\u00e9 sa mission, son passage fut houleux et sans quasiment de succ\u00e8s en mati\u00e8re de la concr\u00e9tisation du r\u00f4le de la nouvelle institution du chef de l\u2019ex\u00e9cutif.<\/p>\n<p class=\"has-black-color has-text-color\">Son successeur au caract\u00e8re beaucoup moins torrentueux, \u00e0 la limite de l\u2019effacement, n\u2019est nullement en mesure de s\u2019approprier toutes les assignations et de s\u2019en servir, d\u2019autant plus qu\u2019il h\u00e9rite d\u2019une \u00e9quipe aussi disparate que conflictuelle. La mise en pratique de ce poste cl\u00e9 du gouvernement demeure toujours sans occupant digne de l\u2019envergure escompt\u00e9e, au vu de ces deux \u00e9preuves rat\u00e9es. La Nation est constamment en qu\u00eate d\u2019un calibre qui ferait montre de background de charisme et de tact afin d\u2019harmoniser les fils des susceptibilit\u00e9s en pr\u00e9sence, de faire preuve de savoir-faire et de hardiesse pour mener \u00e0 bon port sa t\u00e2che et de porter son projet devant les citoyens, tout en faisant usage de t\u00e9m\u00e9rit\u00e9 et de clart\u00e9, dans l\u2019espoir de mobiliser toutes les composantes de la Nation vers la prosp\u00e9rit\u00e9, la justice et le progr\u00e8s. Poss\u00e8de-t-on aujourd\u2019hui, \u00e0 la veille de la mise en place du nouvel ex\u00e9cutif, de cet oiseau rare dont manquent cruellement les t\u00e9nors de l\u2019actuelle armada partisane? Certes, on peut toujours fonder des personnalit\u00e9s de cette qualit\u00e9 de notori\u00e9t\u00e9, au sein des partis politiques. Mais, c\u2019est le cas aussi de le dire, la majeure partie peine \u00e0 \u00abs\u2019autonomiser\u00bb et \u00e0 \u00a0se s\u00e9parer de la pr\u00e9varication qui m\u00e8ne illico \u00e0 l\u2019opportunisme.<\/p>\n<p>L\u2019article <a rel=\"nofollow\" href=\"http:\/\/albayane.press.ma\/le-chef-de-gouvernement.html\">Le chef de gouvernement<\/a> est apparu en premier sur <a rel=\"nofollow\" href=\"http:\/\/albayane.press.ma\/\">ALBAYANE<\/a>.<\/p>\n<\/div>\n<p>Auteur: M&rsquo;hammed rahal<br \/>\n<a href=\"http:\/\/albayane.press.ma\/le-chef-de-gouvernement.html\">Cliquez ici pour lire l&rsquo;article depuis sa source.<\/a><\/p>\n","protected":false},"excerpt":{"rendered":"<p>De quel mod\u00e8le du prochain chef de l\u2019ex\u00e9cutif aura besoin notre pays pour \u00eatre au diapason des enjeux \u00e0 venir\u00a0? Il est bien vrai qu\u2019on est encore bien loin de la primature tel que tiss\u00e9e dans les Nations o\u00f9 la d\u00e9mocratie a franchi de longues phases de progression. Mais, il faudra \u00a0confirmer, sans conteste que [&hellip;]<\/p>\n","protected":false},"author":1760,"featured_media":0,"comment_status":"closed","ping_status":"closed","sticky":false,"template":"","format":"standard","meta":{"fifu_image_url":"","fifu_image_alt":"","footnotes":""},"categories":[73,54],"tags":[],"class_list":["post-124638","post","type-post","status-publish","format-standard","hentry","category-actualite","category-maroc"],"_links":{"self":[{"href":"https:\/\/linitiative.ca\/International\/wp-json\/wp\/v2\/posts\/124638","targetHints":{"allow":["GET"]}}],"collection":[{"href":"https:\/\/linitiative.ca\/International\/wp-json\/wp\/v2\/posts"}],"about":[{"href":"https:\/\/linitiative.ca\/International\/wp-json\/wp\/v2\/types\/post"}],"author":[{"embeddable":true,"href":"https:\/\/linitiative.ca\/International\/wp-json\/wp\/v2\/users\/1760"}],"replies":[{"embeddable":true,"href":"https:\/\/linitiative.ca\/International\/wp-json\/wp\/v2\/comments?post=124638"}],"version-history":[{"count":0,"href":"https:\/\/linitiative.ca\/International\/wp-json\/wp\/v2\/posts\/124638\/revisions"}],"wp:attachment":[{"href":"https:\/\/linitiative.ca\/International\/wp-json\/wp\/v2\/media?parent=124638"}],"wp:term":[{"taxonomy":"category","embeddable":true,"href":"https:\/\/linitiative.ca\/International\/wp-json\/wp\/v2\/categories?post=124638"},{"taxonomy":"post_tag","embeddable":true,"href":"https:\/\/linitiative.ca\/International\/wp-json\/wp\/v2\/tags?post=124638"}],"curies":[{"name":"wp","href":"https:\/\/api.w.org\/{rel}","templated":true}]}}