{"id":124639,"date":"2021-08-19T14:00:00","date_gmt":"2021-08-19T18:00:00","guid":{"rendered":"https:\/\/linitiative.ca\/International\/un-engagement-royal-sans-faille-en-faveur-des-jeunes\/"},"modified":"2021-08-19T14:00:00","modified_gmt":"2021-08-19T18:00:00","slug":"un-engagement-royal-sans-faille-en-faveur-des-jeunes","status":"publish","type":"post","link":"https:\/\/linitiative.ca\/International\/un-engagement-royal-sans-faille-en-faveur-des-jeunes\/","title":{"rendered":"Un engagement Royal sans faille en faveur des jeunes"},"content":{"rendered":"<div>\n<p class=\"has-text-align-center has-vivid-red-color has-text-color\"><strong>F\u00eate de la Jeunesse<\/strong><\/p>\n<p class=\"has-black-color has-text-color\"><strong>La F\u00eate de la Jeunesse, qui sera c\u00e9l\u00e9br\u00e9e samedi par le peuple marocain, offre l\u2019occasion de mettre en avant l\u2019engagement sans faille de Sa Majest\u00e9 le Roi Mohammed VI en faveur de la promotion de la place des jeunes dans la dynamique soci\u00e9tale et de leur participation politique et \u00e9conomique.<\/strong><\/p>\n<p class=\"has-black-color has-text-color\">Cet \u00e9v\u00e9nement, qui co\u00efncide cette ann\u00e9e avec le 58\u00e8me anniversaire de Sa Majest\u00e9 le Roi Mohammed VI, permet ainsi de jeter la lumi\u00e8re sur les efforts d\u00e9ploy\u00e9s par le Souverain pour la valorisation et l\u2019\u00e9panouissement de cette frange de la population, plac\u00e9e au coeur du processus du d\u00e9veloppement.<\/p>\n<p class=\"has-black-color has-text-color\">En effet, SM le Roi n\u2019a eu de cesse, depuis Son accession au Tr\u00f4ne de Ses Glorieux Anc\u00eatres, de multiplier les initiatives et les gestes pour garantir l\u2019\u00e9panouissement social et culturel des jeunes, qui repr\u00e9sentent pr\u00e8s du tiers de la population, prot\u00e9ger leur sant\u00e9 physique et mentale, les pr\u00e9server de toute d\u00e9viance ou al\u00e9a social, et leur assurer des formations qualifiantes qui leur permettent de contribuer, pleinement et de mani\u00e8re efficiente, aux activit\u00e9s productives et au d\u00e9veloppement de leur soci\u00e9t\u00e9 dans tous les domaines.<\/p>\n<p class=\"has-black-color has-text-color\">Centres de formation, de qualification et d\u2019insertion pour jeunes, centres socio-\u00e9ducatifs, complexes socio-sportifs, espaces de prise en charge des jeunes souffrant de conduites addictives, espaces d\u00e9di\u00e9s aux nouvelles technologies de l\u2019information et de la communication, promotion des activit\u00e9s g\u00e9n\u00e9ratrices de revenus, programme d\u2019appui \u00e0 l\u2019acc\u00e8s au financement des jeunes porteurs de projets, autant de structures et d\u2019initiatives qui consacrent la politique de proximit\u00e9 et l\u2019approche Royale d\u2019un d\u00e9veloppement humain, inclusif et durable.<\/p>\n<p class=\"has-black-color has-text-color\">Destin\u00e9s \u00e0 pr\u00e9parer les jeunes pour des lendemains meilleurs, \u00e0 promouvoir et stimuler leur cr\u00e9ativit\u00e9 et \u00e0 valoriser les potentialit\u00e9s dont ils sont porteurs, ces structures et actions t\u00e9moignent, sans ambages, du souci permanent du Souverain de demeurer \u00e0 l\u2019\u00e9coute des pr\u00e9occupations sp\u00e9cifiques et l\u00e9gitimes des jeunes o\u00f9 qu\u2019ils soient et quelles que soient leurs conditions socio-\u00e9conomiques.<\/p>\n<p class=\"has-black-color has-text-color\">Cette Haute Sollicitude Royale envers les jeunes s\u2019est aussi manifest\u00e9e au moment de l\u2019\u00e9laboration du nouveau mod\u00e8le de d\u00e9veloppement. En fait, SM le Roi avait, dans Son discours \u00e0 la Nation \u00e0 l\u2019occasion du 65\u00e8me anniversaire de la R\u00e9volution du Roi et du Peuple (20 ao\u00fbt 2018), insist\u00e9 sur \u00ab\u00a0la n\u00e9cessit\u00e9 de placer les questions de la jeunesse au c\u0153ur du nouveau mod\u00e8le de d\u00e9veloppement\u00a0\u00bb.<\/p>\n<p class=\"has-black-color has-text-color\">La Commission sp\u00e9ciale sur le mod\u00e8le de d\u00e9veloppement (CSMD), cr\u00e9\u00e9e par le Souverain \u00e0 cet effet, a d\u2019ailleurs veill\u00e9 \u00e0 ce que les jeunes soient impliqu\u00e9s dans le processus de consultations engag\u00e9 et que leurs attentes et pr\u00e9occupations soient prises en compte dans le rapport final.<\/p>\n<p class=\"has-black-color has-text-color\">Ainsi, le rapport g\u00e9n\u00e9ral de la CSMD, dont la c\u00e9r\u00e9monie de pr\u00e9sentation a \u00e9t\u00e9 pr\u00e9sid\u00e9e par Sa Majest\u00e9 le Roi, le 25 mai dernier, pr\u00e9voit parmi les choix strat\u00e9giques du nouveau mod\u00e8le de d\u00e9veloppement l\u2019inclusion et l\u2019\u00e9panouissement des jeunes, en multipliant les opportunit\u00e9s et voies de participation.<br \/>Selon ce rapport, le d\u00e9veloppement du Maroc repose sur une jeunesse libre, \u00e9panouie, comp\u00e9tente, entreprenante et citoyenne qui s\u2019accomplit, r\u00e9alise ses potentialit\u00e9s et contribue au d\u00e9veloppement de son pays.<\/p>\n<p class=\"has-black-color has-text-color\">De m\u00eame, \u00ab\u00a0un des enjeux critiques et majeurs du Maroc est de fournir \u00e0 ces jeunes les comp\u00e9tences dont ils ont besoin, de leur offrir des opportunit\u00e9s qui am\u00e9liorent leurs perspectives d\u2019avenir, et de leur garantir des espaces d\u2019expression, de participation citoyenne et de prise d\u2019initiative, renfor\u00e7ant ainsi leur esprit de civisme, leur attachement aux fondamentaux de la Nation et leur mobilisation active au d\u00e9veloppement de leur pays\u00a0\u00bb, estime la CSMD, notant que les \u00e9coutes citoyennes ont fait \u00e9merger une demande importante des jeunes marocains pour des voies d\u2019\u00e9panouissement, leur permettant de s\u2019exprimer, se r\u00e9unir, entreprendre et de mener des initiatives.<\/p>\n<p class=\"has-black-color has-text-color\">Ces demandes concernent aussi bien la culture, les arts, le sport, que les espaces publics d\u2019expression et de cr\u00e9ation et s\u2019ajoutent aux attentes li\u00e9es aux services publics de qualit\u00e9 (notamment pour l\u2019\u00e9ducation, la sant\u00e9 et le transport).<br \/>Afin d\u2019atteindre ces objectifs et de r\u00e9pondre \u00e0 ces demandes, la Commission propose trois principaux leviers, \u00e0 savoir le renforcement du syst\u00e8me d\u2019insertion professionnelle des jeunes \u00e0 travers de nouvelles approches d\u2019orientation et d\u2019accompagnement et des liens plus solides avec le monde du travail.<\/p>\n<p class=\"has-black-color has-text-color\">Il s\u2019agit \u00e9galement de la mise en place d\u2019un programme national int\u00e9gr\u00e9 de la Jeunesse, g\u00e9r\u00e9 dans les territoires par des entit\u00e9s professionnelles sous contrat de performance, et d\u2019un service civique national pour renforcer la participation citoyenne et l\u2019esprit de civisme des jeunes et consolider leurs comp\u00e9tences et leur employabilit\u00e9.<br \/>Jouissant de la citoyennet\u00e9 pleine et enti\u00e8re, avec les droits et les obligations qui en d\u00e9coulent, les jeunes du Maroc sont appel\u00e9s, aujourd\u2019hui plus que jamais, \u00e0 s\u2019investir de mani\u00e8re constructive dans les transformations que conna\u00eet la soci\u00e9t\u00e9, tout en demeurant attach\u00e9s aux constantes de l\u2019identit\u00e9 nationale et ouverts aux id\u00e9aux universels.<br \/>La f\u00eate de la Jeunesse est une occasion privil\u00e9gi\u00e9e pour c\u00e9l\u00e9brer ces jeunes, vraie richesse de la Nation, pour dresser le bilan des initiatives entreprises en leur faveur, et pour r\u00e9fl\u00e9chir aux actions \u00e0 mener \u00e0 m\u00eame de dynamiser leur participation au processus d\u2019\u00e9volution politique, \u00e9conomique et sociale du Maroc.<\/p>\n<p>L\u2019article <a rel=\"nofollow\" href=\"http:\/\/albayane.press.ma\/un-engagement-royal-sans-faille-en-faveur-des-jeunes.html\">Un engagement Royal sans faille en faveur des jeunes<\/a> est apparu en premier sur <a rel=\"nofollow\" href=\"http:\/\/albayane.press.ma\/\">ALBAYANE<\/a>.<\/p>\n<\/div>\n<p>Auteur: M&rsquo;hammed rahal<br \/>\n<a href=\"http:\/\/albayane.press.ma\/un-engagement-royal-sans-faille-en-faveur-des-jeunes.html\">Cliquez ici pour lire l&rsquo;article depuis sa source.<\/a><\/p>\n","protected":false},"excerpt":{"rendered":"<p>F\u00eate de la Jeunesse La F\u00eate de la Jeunesse, qui sera c\u00e9l\u00e9br\u00e9e samedi par le peuple marocain, offre l\u2019occasion de mettre en avant l\u2019engagement sans faille de Sa Majest\u00e9 le Roi Mohammed VI en faveur de la promotion de la place des jeunes dans la dynamique soci\u00e9tale et de leur participation politique et \u00e9conomique. Cet [&hellip;]<\/p>\n","protected":false},"author":1760,"featured_media":0,"comment_status":"closed","ping_status":"closed","sticky":false,"template":"","format":"standard","meta":{"fifu_image_url":"","fifu_image_alt":"","footnotes":""},"categories":[73,54],"tags":[],"class_list":["post-124639","post","type-post","status-publish","format-standard","hentry","category-actualite","category-maroc"],"_links":{"self":[{"href":"https:\/\/linitiative.ca\/International\/wp-json\/wp\/v2\/posts\/124639","targetHints":{"allow":["GET"]}}],"collection":[{"href":"https:\/\/linitiative.ca\/International\/wp-json\/wp\/v2\/posts"}],"about":[{"href":"https:\/\/linitiative.ca\/International\/wp-json\/wp\/v2\/types\/post"}],"author":[{"embeddable":true,"href":"https:\/\/linitiative.ca\/International\/wp-json\/wp\/v2\/users\/1760"}],"replies":[{"embeddable":true,"href":"https:\/\/linitiative.ca\/International\/wp-json\/wp\/v2\/comments?post=124639"}],"version-history":[{"count":0,"href":"https:\/\/linitiative.ca\/International\/wp-json\/wp\/v2\/posts\/124639\/revisions"}],"wp:attachment":[{"href":"https:\/\/linitiative.ca\/International\/wp-json\/wp\/v2\/media?parent=124639"}],"wp:term":[{"taxonomy":"category","embeddable":true,"href":"https:\/\/linitiative.ca\/International\/wp-json\/wp\/v2\/categories?post=124639"},{"taxonomy":"post_tag","embeddable":true,"href":"https:\/\/linitiative.ca\/International\/wp-json\/wp\/v2\/tags?post=124639"}],"curies":[{"name":"wp","href":"https:\/\/api.w.org\/{rel}","templated":true}]}}