{"id":124640,"date":"2021-08-19T14:00:00","date_gmt":"2021-08-19T18:00:00","guid":{"rendered":"https:\/\/linitiative.ca\/International\/les-talibans-accuses-dentraver-le-depart-des-afghans-qui-veulent-fuir-le-pays\/"},"modified":"2021-08-19T14:00:00","modified_gmt":"2021-08-19T18:00:00","slug":"les-talibans-accuses-dentraver-le-depart-des-afghans-qui-veulent-fuir-le-pays","status":"publish","type":"post","link":"https:\/\/linitiative.ca\/International\/les-talibans-accuses-dentraver-le-depart-des-afghans-qui-veulent-fuir-le-pays\/","title":{"rendered":"Les talibans accus\u00e9s d\u2019entraver le d\u00e9part des Afghans qui veulent fuir le pays"},"content":{"rendered":"<div>\n<p class=\"has-text-align-center has-vivid-red-color has-text-color\"><strong>L\u2019arm\u00e9e am\u00e9ricaine a d\u00e9j\u00e0 \u00e9vacu\u00e9 plus de 3.200 personnes<\/strong><\/p>\n<p class=\"has-black-color has-text-color\"><strong>Les talibans continuent jeudi de contr\u00f4ler les alentours de l\u2019a\u00e9roport de Kaboul, o\u00f9 les complexes op\u00e9rations d\u2019\u00e9vacuation se poursuivent laborieusement, mais les \u00c9tats-Unis leur ont reproch\u00e9 d\u2019en entraver l\u2019acc\u00e8s aux Afghans qui souhaitent quitter le pays.<\/strong><\/p>\n<p class=\"has-black-color has-text-color\">Des dizaines de milliers de personnes ont tent\u00e9 de fuir l\u2019Afghanistan depuis la prise de pouvoir dimanche du mouvement islamiste radical, apr\u00e8s une campagne militaire exp\u00e9ditive qui lui a permis en dix jours d\u2019entrer dans la capitale.<\/p>\n<p class=\"has-black-color has-text-color\">Ces Afghans, qui se souviennent encore de leur pr\u00e9c\u00e9dent r\u00e9gime, entre 1996 et 2001, et leur bilan catastrophique en mati\u00e8re de respect des droits humains, n\u2019ont aucune confiance dans les multiples assurances donn\u00e9es ces derniers jours par les talibans.<\/p>\n<p class=\"has-black-color has-text-color\">Ceux-ci ont cherch\u00e9 \u00e0 se pr\u00e9senter sous un jour bien plus bienveillant, promettant de ne pas chercher \u00e0 se venger et disant m\u00eame avoir graci\u00e9 les anciens responsables gouvernementaux. Mais pour nombre d\u2019Afghans comme pour la communaut\u00e9 internationale, la m\u00e9fiance reste de mise.<\/p>\n<p class=\"has-black-color has-text-color\">Si les talibans laissent bien les citoyens am\u00e9ricains acc\u00e9der \u00e0 l\u2019a\u00e9roport de Kaboul, il semble qu\u2019ils \u00ab\u00a0emp\u00eachent les Afghans qui souhaitent quitter le pays d\u2019atteindre l\u2019a\u00e9roport\u00a0\u00bb, a d\u00e9plor\u00e9 Wendy Sherman, la num\u00e9ro deux du d\u00e9partement d\u2019\u00c9tat am\u00e9ricain.<\/p>\n<p class=\"has-black-color has-text-color\">Les \u00c9tats-Unis attendent d\u2019eux \u00ab\u00a0qu\u2019ils permettent \u00e0 tous les citoyens am\u00e9ricains, tous les ressortissants de pays tiers et tous les Afghans de partir s\u2019ils le souhaitent, de fa\u00e7on s\u00fbre et sans \u00eatre harcel\u00e9s\u00a0\u00bb, a-t-elle ajout\u00e9.<br \/>Le triomphe des talibans avait d\u00e9clench\u00e9 une panique monstre \u00e0 l\u2019a\u00e9roport de Kaboul. Une mar\u00e9e humaine s\u2019\u00e9tait pr\u00e9cipit\u00e9e lundi vers ce qui est la seule porte de sortie de l\u2019Afghanistan.<br \/>Les \u00c9tats-Unis ont envoy\u00e9 6.000 militaires pour s\u00e9curiser l\u2019a\u00e9roport de Kaboul et faire partir quelque 30.000 Am\u00e9ricains et civils afghans ayant travaill\u00e9 pour eux et craignant pour leur vie.<\/p>\n<p class=\"has-black-color has-text-color\">L\u2019arm\u00e9e am\u00e9ricaine a d\u00e9j\u00e0 \u00e9vacu\u00e9 plus de 3.200 personnes, notamment du personnel am\u00e9ricain, et pr\u00e8s de 2.000 r\u00e9fugi\u00e9s afghans. D\u2019autres pays occidentaux, dont la France et le Royaume-Uni, ont aussi proc\u00e9d\u00e9 \u00e0 des \u00e9vacuations.<br \/>Tr\u00e8s critiqu\u00e9 aux \u00c9tats-Unis et \u00e0 l\u2019\u00e9tranger pour sa gestion du retrait des troupes am\u00e9ricaines apr\u00e8s 20 ans de guerre, jug\u00e9 pr\u00e9cipit\u00e9, le pr\u00e9sident Joe Biden a estim\u00e9 mercredi qu\u2019une certaine forme de \u00ab\u00a0chaos\u00a0\u00bb \u00e9tait de toute mani\u00e8re in\u00e9vitable.<\/p>\n<p class=\"has-black-color has-text-color\">Mardi, un porte-parole des talibans, Zabihullah Mujahid, avait assur\u00e9 qu\u2019ils avaient appris de leur premier exercice du pouvoir, avant d\u2019en \u00eatre chass\u00e9s en 2001 par une coalition men\u00e9e par les \u00c9tats-Unis, et qu\u2019il y aurait de \u00ab\u00a0nombreuses diff\u00e9rences\u00a0\u00bb dans leur mani\u00e8re d\u2019administrer leur pays.<br \/>Ils avaient alors impos\u00e9 une version ultra-rigoriste de la loi islamique. Les femmes ne pouvaient ni travailler ni \u00e9tudier, et voleurs et meurtriers encouraient de terribles ch\u00e2timents.<\/p>\n<p class=\"has-black-color has-text-color\">Mais tout le monde n\u2019est pas convaincu qu\u2019ils ont chang\u00e9. \u00ab\u00a0Je cherche d\u00e9sesp\u00e9r\u00e9ment \u00e0 partir\u00a0\u00bb, avait ainsi confi\u00e9 \u00e0 l\u2019AFP mercredi un trentenaire afghan ayant travaill\u00e9 pour une ONG allemande.<br \/>\u00ab\u00a0Hier (mardi), je suis all\u00e9 \u00e0 l\u2019a\u00e9roport avec mes enfants et ma famille, les talibans et les Am\u00e9ricains tiraient sur les gens, mais, malgr\u00e9 \u00e7a, ils continuaient d\u2019avancer parce qu\u2019ils savaient qu\u2019une situation pire que la mort les attendait dehors\u00a0\u00bb, avait-il racont\u00e9.<\/p>\n<p class=\"has-black-color has-text-color\">Se pr\u00e9sentant comme plus mod\u00e9r\u00e9s, les talibans semblent recevoir un accueil international moins hostile qu\u2019il y a deux d\u00e9cennies lorsque seuls trois pays (Pakistan, \u00c9mirats arabes unis, Arabie saoudite) avaient reconnu leur r\u00e9gime, bien que personne ne soit encore all\u00e9 jusque-l\u00e0 pour l\u2019instant.<\/p>\n<p class=\"has-black-color has-text-color\">La Chine, la Russie, la Turquie et l\u2019Iran leur ont lanc\u00e9 des signaux d\u2019ouverture. Mais les pays occidentaux, l\u2019Allemagne, les \u00c9tats-Unis, la France et le Royaume-Uni notamment, sont plus r\u00e9ticents et attendent de juger \u00ab\u00a0sur les actes\u00a0\u00bb.<br \/>Les talibans, dont le cofondateur et num\u00e9ro deux, le mollah Abdul Ghani Baradar, est rentr\u00e9 mardi en Afghanistan, ont men\u00e9 des consultations politiques mercredi \u00e0 Kaboul avec d\u2019\u00e9minentes personnalit\u00e9s afghanes.<\/p>\n<p class=\"has-black-color has-text-color\">Ils ont diffus\u00e9 des images montrant l\u2019ancien pr\u00e9sident afghan Hamid Karzai avec Anas Haqqani. Celui-ci participait aux n\u00e9gociations avec le gouvernement afghan \u00e0 Doha, qui n\u2019ont jamais d\u00e9bouch\u00e9 sur une issue quelconque.<br \/>Mais il est surtout le fr\u00e8re cadet de Sirajuddin Haqqani, le chef du r\u00e9seau \u00e9ponyme, qualifi\u00e9 de terroriste par Washington, qui a aussi le statut de num\u00e9ro deux au sein des talibans.<br \/>Ces derniers ont \u00e9galement rencontr\u00e9 l\u2019ancien vice-pr\u00e9sident Abdullah Abdullah, selon le groupe de surveillance des sites islamistes SITE.<\/p>\n<p class=\"has-black-color has-text-color\">Ces n\u00e9gociations ont \u00e9t\u00e9 bien accueillies par l\u2019ex-pr\u00e9sident Ashraf Ghani, qui s\u2019est enfui dimanche pour les \u00c9mirats arabes unis. \u00ab\u00a0Je souhaite le succ\u00e8s de ce processus\u00a0\u00bb, a-t-il d\u00e9clar\u00e9 dans un message vid\u00e9o post\u00e9 sur Facebook, affirmant \u00eatre \u00ab\u00a0en pourparlers pour retourner en Afghanistan\u00a0\u00bb.<br \/>Mais les \u00c9tats-Unis ont estim\u00e9 que M. Ghani, qui avait succ\u00e9d\u00e9 en 2014 \u00e0 Hamid Karzai, n\u2019est \u00ab\u00a0plus une personne qui compte en Afghanistan\u00a0\u00bb.<\/p>\n<p>L\u2019article <a rel=\"nofollow\" href=\"http:\/\/albayane.press.ma\/les-talibans-accuses-dentraver-le-depart-des-afghans-qui-veulent-fuir-le-pays.html\">Les talibans accus\u00e9s d\u2019entraver le d\u00e9part des Afghans qui veulent fuir le pays<\/a> est apparu en premier sur <a rel=\"nofollow\" href=\"http:\/\/albayane.press.ma\/\">ALBAYANE<\/a>.<\/p>\n<\/div>\n<p>Auteur: M&rsquo;hammed rahal<br \/>\n<a href=\"http:\/\/albayane.press.ma\/les-talibans-accuses-dentraver-le-depart-des-afghans-qui-veulent-fuir-le-pays.html\">Cliquez ici pour lire l&rsquo;article depuis sa source.<\/a><\/p>\n","protected":false},"excerpt":{"rendered":"<p>L\u2019arm\u00e9e am\u00e9ricaine a d\u00e9j\u00e0 \u00e9vacu\u00e9 plus de 3.200 personnes Les talibans continuent jeudi de contr\u00f4ler les alentours de l\u2019a\u00e9roport de Kaboul, o\u00f9 les complexes op\u00e9rations d\u2019\u00e9vacuation se poursuivent laborieusement, mais les \u00c9tats-Unis leur ont reproch\u00e9 d\u2019en entraver l\u2019acc\u00e8s aux Afghans qui souhaitent quitter le pays. Des dizaines de milliers de personnes ont tent\u00e9 de fuir [&hellip;]<\/p>\n","protected":false},"author":1760,"featured_media":0,"comment_status":"closed","ping_status":"closed","sticky":false,"template":"","format":"standard","meta":{"fifu_image_url":"","fifu_image_alt":"","footnotes":""},"categories":[73,54],"tags":[],"class_list":["post-124640","post","type-post","status-publish","format-standard","hentry","category-actualite","category-maroc"],"_links":{"self":[{"href":"https:\/\/linitiative.ca\/International\/wp-json\/wp\/v2\/posts\/124640","targetHints":{"allow":["GET"]}}],"collection":[{"href":"https:\/\/linitiative.ca\/International\/wp-json\/wp\/v2\/posts"}],"about":[{"href":"https:\/\/linitiative.ca\/International\/wp-json\/wp\/v2\/types\/post"}],"author":[{"embeddable":true,"href":"https:\/\/linitiative.ca\/International\/wp-json\/wp\/v2\/users\/1760"}],"replies":[{"embeddable":true,"href":"https:\/\/linitiative.ca\/International\/wp-json\/wp\/v2\/comments?post=124640"}],"version-history":[{"count":0,"href":"https:\/\/linitiative.ca\/International\/wp-json\/wp\/v2\/posts\/124640\/revisions"}],"wp:attachment":[{"href":"https:\/\/linitiative.ca\/International\/wp-json\/wp\/v2\/media?parent=124640"}],"wp:term":[{"taxonomy":"category","embeddable":true,"href":"https:\/\/linitiative.ca\/International\/wp-json\/wp\/v2\/categories?post=124640"},{"taxonomy":"post_tag","embeddable":true,"href":"https:\/\/linitiative.ca\/International\/wp-json\/wp\/v2\/tags?post=124640"}],"curies":[{"name":"wp","href":"https:\/\/api.w.org\/{rel}","templated":true}]}}