{"id":124642,"date":"2021-08-20T05:30:35","date_gmt":"2021-08-20T09:30:35","guid":{"rendered":"https:\/\/linitiative.ca\/International\/plus-de-35-mdh-pour-linclusion-economique-des-jeunes\/"},"modified":"2021-08-20T05:30:35","modified_gmt":"2021-08-20T09:30:35","slug":"plus-de-35-mdh-pour-linclusion-economique-des-jeunes","status":"publish","type":"post","link":"https:\/\/linitiative.ca\/International\/plus-de-35-mdh-pour-linclusion-economique-des-jeunes\/","title":{"rendered":"Plus de 35 MDH pour l\u2019inclusion \u00e9conomique des jeunes"},"content":{"rendered":"<div>\n<div style=\"margin-bottom:20px;\"><img loading=\"lazy\" decoding=\"async\" width=\"750\" height=\"430\" src=\"https:\/\/linitiative.ca\/International\/wp-content\/uploads\/sites\/23\/2021\/08\/insertion-C3A9conomique-jeunes-copier.jpg\" class=\"attachment-post-thumbnail size-post-thumbnail wp-post-image\" alt=\"\" srcset=\"https:\/\/linitiative.ca\/International\/wp-content\/uploads\/sites\/23\/2021\/08\/insertion-C3A9conomique-jeunes-copier.jpg 750w, http:\/\/www.mapmarrakech.ma\/map\/uploads\/2021\/08\/insertion-\u00e9conomique-jeunes-copier-300x172.jpg 300w\" sizes=\"auto, (max-width: 750px) 100vw, 750px\"><\/div>\n<p>Dans une d\u00e9claration \u00e0 M24, la cha\u00eene d\u2019information en continu de la MAP, le responsable a pr\u00e9cis\u00e9 que la contribution de l\u2019INDH au financement de ces projets \u00e0 fort impact positif sur les b\u00e9n\u00e9ficiaires, s\u2019\u00e9l\u00e8ve \u00e0 17,38 MDH, soit 50% du co\u00fbt global.<\/p>\n<p>Et M. Dbira Tlemsani de relever que la contribution des jeunes porteurs de projets b\u00e9n\u00e9ficiaires a atteint 12,63 MDH (35%), alors que celle des autres partenaires s\u2019est \u00e9tablie \u00e0 5,29 MDH (15%).<\/p>\n<p>Il a soulign\u00e9 que les projets qui s\u2019inscrivent dans le cadre de ce programme 3 de l\u2019INDH, relatif \u00e0 l\u2019am\u00e9lioration du revenu et \u00e0 l\u2019inclusion \u00e9conomique des jeunes, visent essentiellement \u00e0 r\u00e9aliser un saut qualitatif en termes de m\u00e9thodologies afin de cr\u00e9er de la valeur ajout\u00e9e en ciblant les jeunes entrepreneurs.<\/p>\n<p>Ainsi, a-t-il expliqu\u00e9, les interventions portaient sur la qualification du capital humain, avec un focus sur la qualit\u00e9 des projets et le renforcement des capacit\u00e9s de leurs porteurs, qualifiant les r\u00e9alisations accumul\u00e9es dans ce sens de \u00ab\u00a0tr\u00e8s encourageantes par rapport aux objectifs fix\u00e9s\u00a0\u00bb.<\/p>\n<p>Quelque 723 jeunes (hommes et femmes) ont b\u00e9n\u00e9fici\u00e9 de l\u2019accompagnement lors de la phase de pr\u00e9-cr\u00e9ation (144 petites entreprises cr\u00e9\u00e9es) et 185 autres lors de la phase de post-cr\u00e9ation, dont 52 jeunes femmes, soit 30% du nombre total des entreprises cr\u00e9\u00e9es, a-t-il ajout\u00e9.<\/p>\n<p>A rappeler que le programme 3 de la phase III de l\u2019INDH relatif \u00e0 l\u2019am\u00e9lioration du revenu et \u00e0 l\u2019inclusion \u00e9conomique des jeunes (2019-2023) vise \u00e0 soutenir la compl\u00e9mentarit\u00e9 \u00e9conomique des jeunes au Maroc, \u00e0 travers l\u2019exp\u00e9rience adopt\u00e9e au niveau de la r\u00e9gion Marrakech-Safi qui pr\u00f4ne une approche int\u00e9gr\u00e9e et coh\u00e9rente pour l\u2019am\u00e9lioration de l\u2019inclusion \u00e9conomique des jeunes.<\/p>\n<p>Cette approche int\u00e9gr\u00e9e tend \u00e0 investir dans la jeune main d\u2019\u0153uvre, \u00e0 travers sa pr\u00e9paration pour int\u00e9grer le march\u00e9 de l\u2019emploi, tout en la dotant des comp\u00e9tences et des expertises requises, ainsi qu\u2019\u00e0 d\u00e9velopper le climat de l\u2019entrepreneuriat et les cha\u00eenes de production \u00e0 forte valeur ajout\u00e9e pour la cr\u00e9ation d\u2019opportunit\u00e9s d\u2019emploi.<\/p>\n<p>Ledit programme s\u2019assigne pour principaux objectifs la promotion de l\u2019employabilit\u00e9 de plusieurs cat\u00e9gories de jeunes, \u00e0 travers la g\u00e9n\u00e9ralisation de l\u2019acc\u00e8s aux informations, aux services d\u2019orientation et de formation bas\u00e9e sur le d\u00e9veloppement des comp\u00e9tences acquises, le renforcement de l\u2019esprit d\u2019initiative et le d\u00e9veloppement des cha\u00eenes de production qui pourraient cr\u00e9er des opportunit\u00e9s d\u2019emplois, ainsi que la consolidation des capacit\u00e9s des parties institutionnelles pour davantage de coordination.<\/p>\n<p>The post <a rel=\"nofollow\" href=\"http:\/\/www.mapmarrakech.ma\/fr\/plus-de-35-mdh-pour-linclusion-economique-des-jeunes\/\">Plus de 35 MDH pour l\u2019inclusion \u00e9conomique des jeunes<\/a> appeared first on <a rel=\"nofollow\" href=\"http:\/\/www.mapmarrakech.ma\/fr\">MapMarrakech<\/a>.<\/p>\n<\/div>\n<p>Auteur: Meriem IGASS<br \/>\n<a href=\"http:\/\/www.mapmarrakech.ma\/fr\/plus-de-35-mdh-pour-linclusion-economique-des-jeunes\/\">Cliquez ici pour lire l&rsquo;article depuis sa source.<\/a><\/p>\n","protected":false},"excerpt":{"rendered":"<p>Dans une d\u00e9claration \u00e0 M24, la cha\u00eene d\u2019information en continu de la MAP, le responsable a pr\u00e9cis\u00e9 que la contribution de l\u2019INDH au financement de ces projets \u00e0 fort impact positif sur les b\u00e9n\u00e9ficiaires, s\u2019\u00e9l\u00e8ve \u00e0 17,38 MDH, soit 50% du co\u00fbt global. Et M. Dbira Tlemsani de relever que la contribution des jeunes porteurs [&hellip;]<\/p>\n","protected":false},"author":1788,"featured_media":0,"comment_status":"closed","ping_status":"closed","sticky":false,"template":"","format":"standard","meta":{"fifu_image_url":"http:\/\/www.mapmarrakech.ma\/map\/uploads\/2021\/08\/insertion-\u00e9conomique-jeunes-copier.jpg","fifu_image_alt":"Plus de 35 MDH pour l\u2019inclusion \u00e9conomique des jeunes","footnotes":""},"categories":[54,76],"tags":[],"class_list":["post-124642","post","type-post","status-publish","format-standard","hentry","category-maroc","category-regions"],"_links":{"self":[{"href":"https:\/\/linitiative.ca\/International\/wp-json\/wp\/v2\/posts\/124642","targetHints":{"allow":["GET"]}}],"collection":[{"href":"https:\/\/linitiative.ca\/International\/wp-json\/wp\/v2\/posts"}],"about":[{"href":"https:\/\/linitiative.ca\/International\/wp-json\/wp\/v2\/types\/post"}],"author":[{"embeddable":true,"href":"https:\/\/linitiative.ca\/International\/wp-json\/wp\/v2\/users\/1788"}],"replies":[{"embeddable":true,"href":"https:\/\/linitiative.ca\/International\/wp-json\/wp\/v2\/comments?post=124642"}],"version-history":[{"count":0,"href":"https:\/\/linitiative.ca\/International\/wp-json\/wp\/v2\/posts\/124642\/revisions"}],"wp:attachment":[{"href":"https:\/\/linitiative.ca\/International\/wp-json\/wp\/v2\/media?parent=124642"}],"wp:term":[{"taxonomy":"category","embeddable":true,"href":"https:\/\/linitiative.ca\/International\/wp-json\/wp\/v2\/categories?post=124642"},{"taxonomy":"post_tag","embeddable":true,"href":"https:\/\/linitiative.ca\/International\/wp-json\/wp\/v2\/tags?post=124642"}],"curies":[{"name":"wp","href":"https:\/\/api.w.org\/{rel}","templated":true}]}}