{"id":124644,"date":"2021-08-20T06:26:26","date_gmt":"2021-08-20T10:26:26","guid":{"rendered":"https:\/\/linitiative.ca\/International\/previsions-meteorologiques-pour-le-samedi-21-aout-2021\/"},"modified":"2021-08-20T06:26:26","modified_gmt":"2021-08-20T10:26:26","slug":"previsions-meteorologiques-pour-le-samedi-21-aout-2021","status":"publish","type":"post","link":"https:\/\/linitiative.ca\/International\/previsions-meteorologiques-pour-le-samedi-21-aout-2021\/","title":{"rendered":"Pr\u00e9visions m\u00e9t\u00e9orologiques pour le samedi 21 ao\u00fbt 2021"},"content":{"rendered":"<div>\n<div style=\"margin-bottom:20px;\"><img loading=\"lazy\" decoding=\"async\" width=\"750\" height=\"430\" src=\"https:\/\/linitiative.ca\/International\/wp-content\/uploads\/sites\/23\/2021\/08\/soleil-3-3.jpg\" class=\"attachment-post-thumbnail size-post-thumbnail wp-post-image\" alt=\"\" srcset=\"https:\/\/linitiative.ca\/International\/wp-content\/uploads\/sites\/23\/2021\/08\/soleil-3-3.jpg 750w, http:\/\/www.mapmarrakech.ma\/map\/uploads\/2021\/08\/soleil-3-300x172.jpg 300w\" sizes=\"auto, (max-width: 750px) 100vw, 750px\"><\/div>\n<p>\u2013 Nuages bas et formations brumeuses pr\u00e8s des c\u00f4tes et sur les plaines atlantiques Nord et Centre.<\/p>\n<p>\u2013 Nuages instables sur l\u2019Atlas, l\u2019extr\u00eame Sud, le Rif et l\u2019Oriental avec ond\u00e9es et orages.<\/p>\n<p>\u2013 Nuages bas denses sur la M\u00e9diterran\u00e9e et le Nord-Ouest avec Bruine la matin\u00e9e.<\/p>\n<p>\u2013 Rafales de vents assez fortes sur l\u2019Atlas.<\/p>\n<p>\u2013 Temp\u00e9ratures minimales de l\u2019ordre de 25\/34\u00b0C sur le Sud-Est et l\u2019int\u00e9rieur des provinces Sud, de 15\/20\u00b0C sur l\u2019Atlas et sur les r\u00e9gions Centre et de 20\/25\u00b0C ailleurs.<\/p>\n<p>\u2013 Temp\u00e9ratures maximales de l\u2019ordre de 32\/37\u00b0C sur l\u2019int\u00e9rieur du Souss, le Saiss, Rhamna, les plaines de Tadla et les plateaux de phosphates, de 26\/32\u00b0C sur l\u2019Atlas et pr\u00e8s des c\u00f4tes et de 38\/42 \u00b0C sur le Sud-est et le Sud.<\/p>\n<p>\u2013 Mer belle \u00e0 peu agit\u00e9e sur la M\u00e9diterran\u00e9e et le D\u00e9troit, peu agit\u00e9e entre Cap Spartel et Casablanca et peu agit\u00e9e \u00e0 agit\u00e9e ailleurs.<\/p>\n<p>The post <a rel=\"nofollow\" href=\"http:\/\/www.mapmarrakech.ma\/fr\/previsions-meteorologiques-pour-le-samedi-21-aout-2021\/\">Pr\u00e9visions m\u00e9t\u00e9orologiques pour le samedi 21 ao\u00fbt 2021<\/a> appeared first on <a rel=\"nofollow\" href=\"http:\/\/www.mapmarrakech.ma\/fr\">MapMarrakech<\/a>.<\/p>\n<\/div>\n<p>Auteur: Meriem IGASS<br \/>\n<a href=\"http:\/\/www.mapmarrakech.ma\/fr\/previsions-meteorologiques-pour-le-samedi-21-aout-2021\/\">Cliquez ici pour lire l&rsquo;article depuis sa source.<\/a><\/p>\n","protected":false},"excerpt":{"rendered":"<p>\u2013 Nuages bas et formations brumeuses pr\u00e8s des c\u00f4tes et sur les plaines atlantiques Nord et Centre. \u2013 Nuages instables sur l\u2019Atlas, l\u2019extr\u00eame Sud, le Rif et l\u2019Oriental avec ond\u00e9es et orages. \u2013 Nuages bas denses sur la M\u00e9diterran\u00e9e et le Nord-Ouest avec Bruine la matin\u00e9e. \u2013 Rafales de vents assez fortes sur l\u2019Atlas. \u2013 [&hellip;]<\/p>\n","protected":false},"author":1788,"featured_media":0,"comment_status":"closed","ping_status":"closed","sticky":false,"template":"","format":"standard","meta":{"fifu_image_url":"http:\/\/www.mapmarrakech.ma\/map\/uploads\/2021\/08\/soleil-3.jpg","fifu_image_alt":"Pr\u00e9visions m\u00e9t\u00e9orologiques pour le samedi 21 ao\u00fbt 2021","footnotes":""},"categories":[54,76],"tags":[],"class_list":["post-124644","post","type-post","status-publish","format-standard","hentry","category-maroc","category-regions"],"_links":{"self":[{"href":"https:\/\/linitiative.ca\/International\/wp-json\/wp\/v2\/posts\/124644","targetHints":{"allow":["GET"]}}],"collection":[{"href":"https:\/\/linitiative.ca\/International\/wp-json\/wp\/v2\/posts"}],"about":[{"href":"https:\/\/linitiative.ca\/International\/wp-json\/wp\/v2\/types\/post"}],"author":[{"embeddable":true,"href":"https:\/\/linitiative.ca\/International\/wp-json\/wp\/v2\/users\/1788"}],"replies":[{"embeddable":true,"href":"https:\/\/linitiative.ca\/International\/wp-json\/wp\/v2\/comments?post=124644"}],"version-history":[{"count":0,"href":"https:\/\/linitiative.ca\/International\/wp-json\/wp\/v2\/posts\/124644\/revisions"}],"wp:attachment":[{"href":"https:\/\/linitiative.ca\/International\/wp-json\/wp\/v2\/media?parent=124644"}],"wp:term":[{"taxonomy":"category","embeddable":true,"href":"https:\/\/linitiative.ca\/International\/wp-json\/wp\/v2\/categories?post=124644"},{"taxonomy":"post_tag","embeddable":true,"href":"https:\/\/linitiative.ca\/International\/wp-json\/wp\/v2\/tags?post=124644"}],"curies":[{"name":"wp","href":"https:\/\/api.w.org\/{rel}","templated":true}]}}