{"id":124648,"date":"2021-08-20T08:40:54","date_gmt":"2021-08-20T12:40:54","guid":{"rendered":"https:\/\/linitiative.ca\/International\/sm-le-roi-adressera-vendredi-soir-un-discours-a-la-nation-a-loccasion-du-68e-anniversaire-de-la-revolution-du-roi-et-du-peuple\/"},"modified":"2021-08-20T08:40:54","modified_gmt":"2021-08-20T12:40:54","slug":"sm-le-roi-adressera-vendredi-soir-un-discours-a-la-nation-a-loccasion-du-68e-anniversaire-de-la-revolution-du-roi-et-du-peuple","status":"publish","type":"post","link":"https:\/\/linitiative.ca\/International\/sm-le-roi-adressera-vendredi-soir-un-discours-a-la-nation-a-loccasion-du-68e-anniversaire-de-la-revolution-du-roi-et-du-peuple\/","title":{"rendered":"SM le Roi adressera vendredi soir un discours \u00e0 la nation \u00e0 l\u2019occasion du 68\u00e8 anniversaire de la R\u00e9volution du Roi et du Peuple"},"content":{"rendered":"<div>\n<div style=\"margin-bottom:20px;\"><img loading=\"lazy\" decoding=\"async\" width=\"750\" height=\"430\" src=\"https:\/\/linitiative.ca\/International\/wp-content\/uploads\/sites\/23\/2021\/08\/sm-le-roi.jpg\" class=\"attachment-post-thumbnail size-post-thumbnail wp-post-image\" alt=\"\" srcset=\"https:\/\/linitiative.ca\/International\/wp-content\/uploads\/sites\/23\/2021\/08\/sm-le-roi.jpg 750w, http:\/\/www.mapmarrakech.ma\/map\/uploads\/2021\/08\/sm-le-roi-300x172.jpg 300w\" sizes=\"auto, (max-width: 750px) 100vw, 750px\"><\/div>\n<p>Voici le texte de ce communiqu\u00e9 :<\/p>\n<p>\u00ab\u00a0Le minist\u00e8re de la Maison Royale, du Protocole et de la Chancellerie annonce qu\u2019\u00e0 l\u2019occasion du 68\u00e8 anniversaire de la R\u00e9volution du Roi et du Peuple, Sa Majest\u00e9 le Roi Mohammed VI, que Dieu L\u2019assiste, adressera un discours \u00e0 Son peuple fid\u00e8le.<\/p>\n<p>Le discours Royal sera diffus\u00e9 sur les ondes de la radio et \u00e0 la t\u00e9l\u00e9vision, vendredi 11 Mouharram 1443 de l\u2019H\u00e9gire, correspondant au 20 ao\u00fbt 2021, \u00e0 partir de 21H00\u00a0\u00bb.<\/p>\n<p>The post <a rel=\"nofollow\" href=\"http:\/\/www.mapmarrakech.ma\/fr\/sm-le-roi-adressera-vendredi-soir-un-discours-a-la-nation-a-loccasion-du-68e-anniversaire-de-la-revolution-du-roi-et-du-peuple\/\">SM le Roi adressera vendredi soir un discours \u00e0 la nation \u00e0 l\u2019occasion du 68\u00e8 anniversaire de la R\u00e9volution du Roi et du Peuple<\/a> appeared first on <a rel=\"nofollow\" href=\"http:\/\/www.mapmarrakech.ma\/fr\">MapMarrakech<\/a>.<\/p>\n<\/div>\n<p>Auteur: Meriem IGASS<br \/>\n<a href=\"http:\/\/www.mapmarrakech.ma\/fr\/sm-le-roi-adressera-vendredi-soir-un-discours-a-la-nation-a-loccasion-du-68e-anniversaire-de-la-revolution-du-roi-et-du-peuple\/\">Cliquez ici pour lire l&rsquo;article depuis sa source.<\/a><\/p>\n","protected":false},"excerpt":{"rendered":"<p>Voici le texte de ce communiqu\u00e9 : \u00ab\u00a0Le minist\u00e8re de la Maison Royale, du Protocole et de la Chancellerie annonce qu\u2019\u00e0 l\u2019occasion du 68\u00e8 anniversaire de la R\u00e9volution du Roi et du Peuple, Sa Majest\u00e9 le Roi Mohammed VI, que Dieu L\u2019assiste, adressera un discours \u00e0 Son peuple fid\u00e8le. Le discours Royal sera diffus\u00e9 sur [&hellip;]<\/p>\n","protected":false},"author":1788,"featured_media":0,"comment_status":"closed","ping_status":"closed","sticky":false,"template":"","format":"standard","meta":{"fifu_image_url":"http:\/\/www.mapmarrakech.ma\/map\/uploads\/2021\/08\/sm-le-roi.jpg","fifu_image_alt":"SM le Roi adressera vendredi soir un discours \u00e0 la nation \u00e0 l\u2019occasion du 68\u00e8 anniversaire de la R\u00e9volution du Roi et du Peuple","footnotes":""},"categories":[54,76],"tags":[],"class_list":["post-124648","post","type-post","status-publish","format-standard","hentry","category-maroc","category-regions"],"_links":{"self":[{"href":"https:\/\/linitiative.ca\/International\/wp-json\/wp\/v2\/posts\/124648","targetHints":{"allow":["GET"]}}],"collection":[{"href":"https:\/\/linitiative.ca\/International\/wp-json\/wp\/v2\/posts"}],"about":[{"href":"https:\/\/linitiative.ca\/International\/wp-json\/wp\/v2\/types\/post"}],"author":[{"embeddable":true,"href":"https:\/\/linitiative.ca\/International\/wp-json\/wp\/v2\/users\/1788"}],"replies":[{"embeddable":true,"href":"https:\/\/linitiative.ca\/International\/wp-json\/wp\/v2\/comments?post=124648"}],"version-history":[{"count":0,"href":"https:\/\/linitiative.ca\/International\/wp-json\/wp\/v2\/posts\/124648\/revisions"}],"wp:attachment":[{"href":"https:\/\/linitiative.ca\/International\/wp-json\/wp\/v2\/media?parent=124648"}],"wp:term":[{"taxonomy":"category","embeddable":true,"href":"https:\/\/linitiative.ca\/International\/wp-json\/wp\/v2\/categories?post=124648"},{"taxonomy":"post_tag","embeddable":true,"href":"https:\/\/linitiative.ca\/International\/wp-json\/wp\/v2\/tags?post=124648"}],"curies":[{"name":"wp","href":"https:\/\/api.w.org\/{rel}","templated":true}]}}