{"id":124653,"date":"2021-08-20T08:36:26","date_gmt":"2021-08-20T12:36:26","guid":{"rendered":"https:\/\/linitiative.ca\/International\/guelmim-un-hopital-de-campagne-pour-les-malades-du-covid-19\/"},"modified":"2021-08-20T08:36:26","modified_gmt":"2021-08-20T12:36:26","slug":"guelmim-un-hopital-de-campagne-pour-les-malades-du-covid-19","status":"publish","type":"post","link":"https:\/\/linitiative.ca\/International\/guelmim-un-hopital-de-campagne-pour-les-malades-du-covid-19\/","title":{"rendered":"Guelmim: Un h\u00f4pital de campagne pour les malades du Covid-19"},"content":{"rendered":"<div>\n<div class=\"field field-name-body field-type-text-with-summary field-label-hidden\">\n<div class=\"field-items\">\n<div class=\"field-item even\" property=\"content:encoded\">\n<p>Guelmim-Oued Noun se dote d&rsquo;un h\u00f4pital de campagne pour faire face \u00e0 l&rsquo;\u00e9volution de la situation \u00e9pid\u00e9miologique dans la r\u00e9gion. Cette structure de sant\u00e9, qui compte 128 lits, permettra\u00a0de prendre en charge les personnes infect\u00e9es par le nouveau Coronavirus (Covid-19). Son lancement vise \u00e9galement \u00e0 all\u00e9ger la pression sur les \u00e9tablissements hospitaliers de Guelmim, compte tenu de l\u2019augmentation du nombre de cas du Covid-19.<\/p>\n<\/div>\n<\/div>\n<\/div>\n<\/div>\n<p>Auteur: hgueye<br \/>\n<a href=\"https:\/\/www.leconomiste.com\/flash-infos\/guelmim-un-hopital-de-campagne-pour-les-malades-du-covid-19\">Cliquez ici pour lire l&rsquo;article depuis sa source.<\/a><\/p>\n","protected":false},"excerpt":{"rendered":"<p>Guelmim-Oued Noun se dote d&rsquo;un h\u00f4pital de campagne pour faire face \u00e0 l&rsquo;\u00e9volution de la situation \u00e9pid\u00e9miologique dans la r\u00e9gion. Cette structure de sant\u00e9, qui compte 128 lits, permettra\u00a0de prendre en charge les personnes infect\u00e9es par le nouveau Coronavirus (Covid-19). Son lancement vise \u00e9galement \u00e0 all\u00e9ger la pression sur les \u00e9tablissements hospitaliers de Guelmim, compte [&hellip;]<\/p>\n","protected":false},"author":1763,"featured_media":0,"comment_status":"closed","ping_status":"closed","sticky":false,"template":"","format":"standard","meta":{"fifu_image_url":"","fifu_image_alt":"","footnotes":""},"categories":[78,54],"tags":[],"class_list":["post-124653","post","type-post","status-publish","format-standard","hentry","category-economie","category-maroc"],"_links":{"self":[{"href":"https:\/\/linitiative.ca\/International\/wp-json\/wp\/v2\/posts\/124653","targetHints":{"allow":["GET"]}}],"collection":[{"href":"https:\/\/linitiative.ca\/International\/wp-json\/wp\/v2\/posts"}],"about":[{"href":"https:\/\/linitiative.ca\/International\/wp-json\/wp\/v2\/types\/post"}],"author":[{"embeddable":true,"href":"https:\/\/linitiative.ca\/International\/wp-json\/wp\/v2\/users\/1763"}],"replies":[{"embeddable":true,"href":"https:\/\/linitiative.ca\/International\/wp-json\/wp\/v2\/comments?post=124653"}],"version-history":[{"count":0,"href":"https:\/\/linitiative.ca\/International\/wp-json\/wp\/v2\/posts\/124653\/revisions"}],"wp:attachment":[{"href":"https:\/\/linitiative.ca\/International\/wp-json\/wp\/v2\/media?parent=124653"}],"wp:term":[{"taxonomy":"category","embeddable":true,"href":"https:\/\/linitiative.ca\/International\/wp-json\/wp\/v2\/categories?post=124653"},{"taxonomy":"post_tag","embeddable":true,"href":"https:\/\/linitiative.ca\/International\/wp-json\/wp\/v2\/tags?post=124653"}],"curies":[{"name":"wp","href":"https:\/\/api.w.org\/{rel}","templated":true}]}}