{"id":124655,"date":"2021-08-20T10:55:34","date_gmt":"2021-08-20T14:55:34","guid":{"rendered":"https:\/\/linitiative.ca\/International\/decarbonation-le-cri-de-fes-meknes-lance-une-enquete\/"},"modified":"2021-08-20T10:55:34","modified_gmt":"2021-08-20T14:55:34","slug":"decarbonation-le-cri-de-fes-meknes-lance-une-enquete","status":"publish","type":"post","link":"https:\/\/linitiative.ca\/International\/decarbonation-le-cri-de-fes-meknes-lance-une-enquete\/","title":{"rendered":"D\u00e9carbonation: Le CRI de F\u00e8s-Mekn\u00e8s lance une enqu\u00eate"},"content":{"rendered":"<div>\n<div class=\"field field-name-body field-type-text-with-summary field-label-hidden\">\n<div class=\"field-items\">\n<div class=\"field-item even\" property=\"content:encoded\">\n<p class=\"rtejustify\">Apr\u00e8s avoir lanc\u00e9 un appel \u00e0 manifestation d\u2019int\u00e9r\u00eat (AMI) pour appuyer techniquement et financi\u00e8rement les TPME dans la d\u00e9carbonation en avril dernier, le Centre r\u00e9gional d&rsquo;investissement (CRI) F\u00e8s-Mekn\u00e8s veut encourager les entreprises r\u00e9gionales dans cette voie. Il vient de lancer une enqu\u00eate aupr\u00e8s des entreprises industrielles de la r\u00e9gion, dans le cadre de ses efforts pour accompagner ces unit\u00e9s dans leur transition bas carbone. Objectif : d\u00e9terminer les consommations \u00e9nerg\u00e9tiques afin de mieux les accompagner dans leur processus de d\u00e9carbonation.<\/p>\n<\/div>\n<\/div>\n<\/div>\n<\/div>\n<p>Auteur: hgueye<br \/>\n<a href=\"https:\/\/www.leconomiste.com\/flash-infos\/decarbonation-le-cri-de-fes-meknes-lance-une-enquete\">Cliquez ici pour lire l&rsquo;article depuis sa source.<\/a><\/p>\n","protected":false},"excerpt":{"rendered":"<p>Apr\u00e8s avoir lanc\u00e9 un appel \u00e0 manifestation d\u2019int\u00e9r\u00eat (AMI) pour appuyer techniquement et financi\u00e8rement les TPME dans la d\u00e9carbonation en avril dernier, le Centre r\u00e9gional d&rsquo;investissement (CRI) F\u00e8s-Mekn\u00e8s veut encourager les entreprises r\u00e9gionales dans cette voie. Il vient de lancer une enqu\u00eate aupr\u00e8s des entreprises industrielles de la r\u00e9gion, dans le cadre de ses efforts [&hellip;]<\/p>\n","protected":false},"author":1763,"featured_media":0,"comment_status":"closed","ping_status":"closed","sticky":false,"template":"","format":"standard","meta":{"fifu_image_url":"","fifu_image_alt":"","footnotes":""},"categories":[78,54],"tags":[],"class_list":["post-124655","post","type-post","status-publish","format-standard","hentry","category-economie","category-maroc"],"_links":{"self":[{"href":"https:\/\/linitiative.ca\/International\/wp-json\/wp\/v2\/posts\/124655","targetHints":{"allow":["GET"]}}],"collection":[{"href":"https:\/\/linitiative.ca\/International\/wp-json\/wp\/v2\/posts"}],"about":[{"href":"https:\/\/linitiative.ca\/International\/wp-json\/wp\/v2\/types\/post"}],"author":[{"embeddable":true,"href":"https:\/\/linitiative.ca\/International\/wp-json\/wp\/v2\/users\/1763"}],"replies":[{"embeddable":true,"href":"https:\/\/linitiative.ca\/International\/wp-json\/wp\/v2\/comments?post=124655"}],"version-history":[{"count":0,"href":"https:\/\/linitiative.ca\/International\/wp-json\/wp\/v2\/posts\/124655\/revisions"}],"wp:attachment":[{"href":"https:\/\/linitiative.ca\/International\/wp-json\/wp\/v2\/media?parent=124655"}],"wp:term":[{"taxonomy":"category","embeddable":true,"href":"https:\/\/linitiative.ca\/International\/wp-json\/wp\/v2\/categories?post=124655"},{"taxonomy":"post_tag","embeddable":true,"href":"https:\/\/linitiative.ca\/International\/wp-json\/wp\/v2\/tags?post=124655"}],"curies":[{"name":"wp","href":"https:\/\/api.w.org\/{rel}","templated":true}]}}