{"id":124657,"date":"2021-08-20T08:44:00","date_gmt":"2021-08-20T12:44:00","guid":{"rendered":"https:\/\/linitiative.ca\/International\/real-madrid-benzema-a-prolonge-officiel\/"},"modified":"2021-08-20T08:44:00","modified_gmt":"2021-08-20T12:44:00","slug":"real-madrid-benzema-a-prolonge-officiel","status":"publish","type":"post","link":"https:\/\/linitiative.ca\/International\/real-madrid-benzema-a-prolonge-officiel\/","title":{"rendered":"Real Madrid: Benzema a prolong\u00e9 (officiel)"},"content":{"rendered":"<div>Karim Benzema a prolong\u00e9 son contrat avec le Real Madrid pour une saison suppl\u00e9mentaire, soit jusqu&rsquo;en 2023&#8230;<img loading=\"lazy\" decoding=\"async\" src=\"http:\/\/feeds.feedburner.com\/~r\/GalerieFArtciles\/~4\/c48FGs0OOiQ\" height=\"1\" width=\"1\" alt=\"\"><\/div>\n<p>Auteur:<br \/>\n<a href=\"http:\/\/www.lebuteur.com\/article\/detail?titre=real-madrid-benzema-a-prolonge-officiel&#038;id=100884&#038;utm_source=feedburner&#038;utm_medium=feed&#038;utm_campaign=Feed%3A+GalerieFArtciles+%28Les+derniers+articles++-+lebuteur.com%29\">Cliquez ici pour lire l&rsquo;article depuis sa source.<\/a><\/p>\n","protected":false},"excerpt":{"rendered":"<p>Karim Benzema a prolong\u00e9 son contrat avec le Real Madrid pour une saison suppl\u00e9mentaire, soit jusqu&rsquo;en 2023&#8230; Auteur: Cliquez ici pour lire l&rsquo;article depuis sa source.<\/p>\n","protected":false},"author":1738,"featured_media":0,"comment_status":"closed","ping_status":"closed","sticky":false,"template":"","format":"standard","meta":{"fifu_image_url":"http:\/\/feeds.feedburner.com\/~r\/GalerieFArtciles\/~4\/c48FGs0OOiQ","fifu_image_alt":"Real Madrid: Benzema a prolong\u00e9 (officiel)","footnotes":""},"categories":[53,75],"tags":[],"class_list":["post-124657","post","type-post","status-publish","format-standard","hentry","category-algerie","category-sport"],"_links":{"self":[{"href":"https:\/\/linitiative.ca\/International\/wp-json\/wp\/v2\/posts\/124657","targetHints":{"allow":["GET"]}}],"collection":[{"href":"https:\/\/linitiative.ca\/International\/wp-json\/wp\/v2\/posts"}],"about":[{"href":"https:\/\/linitiative.ca\/International\/wp-json\/wp\/v2\/types\/post"}],"author":[{"embeddable":true,"href":"https:\/\/linitiative.ca\/International\/wp-json\/wp\/v2\/users\/1738"}],"replies":[{"embeddable":true,"href":"https:\/\/linitiative.ca\/International\/wp-json\/wp\/v2\/comments?post=124657"}],"version-history":[{"count":0,"href":"https:\/\/linitiative.ca\/International\/wp-json\/wp\/v2\/posts\/124657\/revisions"}],"wp:attachment":[{"href":"https:\/\/linitiative.ca\/International\/wp-json\/wp\/v2\/media?parent=124657"}],"wp:term":[{"taxonomy":"category","embeddable":true,"href":"https:\/\/linitiative.ca\/International\/wp-json\/wp\/v2\/categories?post=124657"},{"taxonomy":"post_tag","embeddable":true,"href":"https:\/\/linitiative.ca\/International\/wp-json\/wp\/v2\/tags?post=124657"}],"curies":[{"name":"wp","href":"https:\/\/api.w.org\/{rel}","templated":true}]}}