{"id":124662,"date":"2021-08-20T10:45:11","date_gmt":"2021-08-20T14:45:11","guid":{"rendered":"https:\/\/linitiative.ca\/International\/appels-a-la-haine-arrestation-de-4-individus-a-oran-impliques-dans-la-diffusion-de-videos\/"},"modified":"2021-08-20T10:45:11","modified_gmt":"2021-08-20T14:45:11","slug":"appels-a-la-haine-arrestation-de-4-individus-a-oran-impliques-dans-la-diffusion-de-videos","status":"publish","type":"post","link":"https:\/\/linitiative.ca\/International\/appels-a-la-haine-arrestation-de-4-individus-a-oran-impliques-dans-la-diffusion-de-videos\/","title":{"rendered":"Appels \u00e0 la haine : Arrestation de 4 individus \u00e0 Oran impliqu\u00e9s dans la diffusion de vid\u00e9os"},"content":{"rendered":"<div>\n<div class=\"sriret\"><img decoding=\"async\" src=\"https:\/\/linitiative.ca\/International\/wp-content\/uploads\/sites\/23\/2021\/08\/default-picture-709x366_c-44.jpg\"><\/div>\n<p>Les \u00e9l\u00e9ments de la brigade de lutte contre la cybercriminalit\u00e9 de la police judiciaire de la s\u00fbret\u00e9 de wilaya d\u2019Oran ont proc\u00e9d\u00e9 \u00e0 l\u2019arrestation de quatre (04) individus impliqu\u00e9s dans la diffusion de vid\u00e9os subversives qui appellent \u00e0 la haine et \u00e0 la discorde entre les citoyens, a indiqu\u00e9 vendredi 20 ao\u00fbt un communiqu\u00e9 de la Direction g\u00e9n\u00e9rale de la s\u00fbret\u00e9 nationale (DGSN).<\/p>\n<p style=\"text-align: left;\">Les mis en cause seront pr\u00e9sent\u00e9s devant le procureur de la R\u00e9publique, pr\u00e9cise la m\u00eame source. Aucune autre information, notamment pour ce qui est de l\u2019identit\u00e9 des mis en cause, n\u2019a \u00e9t\u00e9 communiqu\u00e9.<\/p>\n<p style=\"text-align: right;\">R\u00e9daction web\/APS<\/p>\n<p>L\u2019article <a rel=\"nofollow\" href=\"https:\/\/www.elwatan.com\/edition\/actualite\/appels-a-la-haine-arrestation-de-4-individus-a-oran-impliques-dans-la-diffusion-de-videos-20-08-2021\">Appels \u00e0 la haine : Arrestation de 4 individus \u00e0 Oran impliqu\u00e9s dans la diffusion de vid\u00e9os<\/a> est apparu en premier sur <a rel=\"nofollow\" href=\"https:\/\/www.elwatan.com\/\">El Watan<\/a>.<\/p>\n<\/div>\n<p>Auteur: Mohand Yahiaoui<br \/>\n<a href=\"https:\/\/www.elwatan.com\/edition\/actualite\/appels-a-la-haine-arrestation-de-4-individus-a-oran-impliques-dans-la-diffusion-de-videos-20-08-2021\">Cliquez ici pour lire l&rsquo;article depuis sa source.<\/a><\/p>\n","protected":false},"excerpt":{"rendered":"<p>Les \u00e9l\u00e9ments de la brigade de lutte contre la cybercriminalit\u00e9 de la police judiciaire de la s\u00fbret\u00e9 de wilaya d\u2019Oran ont proc\u00e9d\u00e9 \u00e0 l\u2019arrestation de quatre (04) individus impliqu\u00e9s dans la diffusion de vid\u00e9os subversives qui appellent \u00e0 la haine et \u00e0 la discorde entre les citoyens, a indiqu\u00e9 vendredi 20 ao\u00fbt un communiqu\u00e9 de [&hellip;]<\/p>\n","protected":false},"author":1743,"featured_media":0,"comment_status":"closed","ping_status":"closed","sticky":false,"template":"","format":"standard","meta":{"fifu_image_url":"https:\/\/www.elwatan.com\/wp-content\/themes\/spectr\/img\/default-picture-709x366_c.jpg","fifu_image_alt":"Appels \u00e0 la haine : Arrestation de 4 individus \u00e0 Oran impliqu\u00e9s dans la diffusion de vid\u00e9os","footnotes":""},"categories":[73,53],"tags":[],"class_list":["post-124662","post","type-post","status-publish","format-standard","hentry","category-actualite","category-algerie"],"_links":{"self":[{"href":"https:\/\/linitiative.ca\/International\/wp-json\/wp\/v2\/posts\/124662","targetHints":{"allow":["GET"]}}],"collection":[{"href":"https:\/\/linitiative.ca\/International\/wp-json\/wp\/v2\/posts"}],"about":[{"href":"https:\/\/linitiative.ca\/International\/wp-json\/wp\/v2\/types\/post"}],"author":[{"embeddable":true,"href":"https:\/\/linitiative.ca\/International\/wp-json\/wp\/v2\/users\/1743"}],"replies":[{"embeddable":true,"href":"https:\/\/linitiative.ca\/International\/wp-json\/wp\/v2\/comments?post=124662"}],"version-history":[{"count":0,"href":"https:\/\/linitiative.ca\/International\/wp-json\/wp\/v2\/posts\/124662\/revisions"}],"wp:attachment":[{"href":"https:\/\/linitiative.ca\/International\/wp-json\/wp\/v2\/media?parent=124662"}],"wp:term":[{"taxonomy":"category","embeddable":true,"href":"https:\/\/linitiative.ca\/International\/wp-json\/wp\/v2\/categories?post=124662"},{"taxonomy":"post_tag","embeddable":true,"href":"https:\/\/linitiative.ca\/International\/wp-json\/wp\/v2\/tags?post=124662"}],"curies":[{"name":"wp","href":"https:\/\/api.w.org\/{rel}","templated":true}]}}