{"id":124668,"date":"2021-08-20T09:15:00","date_gmt":"2021-08-20T13:15:00","guid":{"rendered":"https:\/\/linitiative.ca\/International\/fin-de-loccupation-aujourdhui-lafghanistan-demain-la-palestine\/"},"modified":"2021-08-20T09:15:00","modified_gmt":"2021-08-20T13:15:00","slug":"fin-de-loccupation-aujourdhui-lafghanistan-demain-la-palestine","status":"publish","type":"post","link":"https:\/\/linitiative.ca\/International\/fin-de-loccupation-aujourdhui-lafghanistan-demain-la-palestine\/","title":{"rendered":"Fin de l\u2019occupation: Aujourd\u2019hui l\u2019Afghanistan, demain la Palestine?"},"content":{"rendered":"<div><img decoding=\"async\" src=\"https:\/\/linitiative.ca\/International\/wp-content\/uploads\/sites\/23\/2021\/08\/1629466505_article.jpg\" alt=\"Fin de l\u2019occupation: Aujourd\u2019hui l\u2019Afghanistan, demain la Palestine? \" align=\"left\">Mohamed Larbi Bouguerra &#8211; Dans ses m\u00e9moires publi\u00e9s en 2010, l&rsquo;ex-pr\u00e9sident George W. Bush se rengorgeait : \u00ab\u00a0L&rsquo;Afghanistan \u00e9tait la mission ultime de construction d&rsquo;une nation. Nous avions lib\u00e9r\u00e9 le pays d&rsquo;une dictature primitive, et nous avions l&rsquo;obligation morale de laisser derri\u00e8re nous quelque chose de meilleur. Nous avions \u00e9galement un int\u00e9r\u00eat strat\u00e9gique \u00e0 aider le peuple afghan \u00e0 construire une soci\u00e9t\u00e9 libre\u00a0\u00bb, car \u00ab\u00a0un Afghanistan d\u00e9mocratique serait une alternative pleine d&rsquo;espoir \u00e0 la vision des extr\u00e9mistes.\u00a0\u00bb<br \/>\nEn juillet 2021, avant la reprise de l&rsquo;Afghanistan par les talibans, discours bien diff\u00e9rent du pr\u00e9sident Joe Biden s&rsquo;inscrivant en faux et aux antipodes &#8230;<\/p>\n<\/div>\n<p>Auteur:<br \/>\n<a href=\"https:\/\/www.leaders.com.tn\/article\/32311-fin-de-l-occupation-aujourd-hui-l-afghanistan-demain-la-palestine\">Cliquez ici pour lire l&rsquo;article depuis sa source.<\/a><\/p>\n","protected":false},"excerpt":{"rendered":"<p>Mohamed Larbi Bouguerra &#8211; Dans ses m\u00e9moires publi\u00e9s en 2010, l&rsquo;ex-pr\u00e9sident George W. Bush se rengorgeait : \u00ab\u00a0L&rsquo;Afghanistan \u00e9tait la mission ultime de construction d&rsquo;une nation. Nous avions lib\u00e9r\u00e9 le pays d&rsquo;une dictature primitive, et nous avions l&rsquo;obligation morale de laisser derri\u00e8re nous quelque chose de meilleur. Nous avions \u00e9galement un int\u00e9r\u00eat strat\u00e9gique \u00e0 aider [&hellip;]<\/p>\n","protected":false},"author":1772,"featured_media":0,"comment_status":"closed","ping_status":"closed","sticky":false,"template":"","format":"standard","meta":{"fifu_image_url":"http:\/\/www.leaders.com.tn\/uploads\/content\/thumbnails_small\/1629466505_article.jpg","fifu_image_alt":"Fin de l\u2019occupation: Aujourd\u2019hui l\u2019Afghanistan, demain la Palestine?","footnotes":""},"categories":[73,55],"tags":[],"class_list":["post-124668","post","type-post","status-publish","format-standard","hentry","category-actualite","category-tunisie"],"_links":{"self":[{"href":"https:\/\/linitiative.ca\/International\/wp-json\/wp\/v2\/posts\/124668","targetHints":{"allow":["GET"]}}],"collection":[{"href":"https:\/\/linitiative.ca\/International\/wp-json\/wp\/v2\/posts"}],"about":[{"href":"https:\/\/linitiative.ca\/International\/wp-json\/wp\/v2\/types\/post"}],"author":[{"embeddable":true,"href":"https:\/\/linitiative.ca\/International\/wp-json\/wp\/v2\/users\/1772"}],"replies":[{"embeddable":true,"href":"https:\/\/linitiative.ca\/International\/wp-json\/wp\/v2\/comments?post=124668"}],"version-history":[{"count":0,"href":"https:\/\/linitiative.ca\/International\/wp-json\/wp\/v2\/posts\/124668\/revisions"}],"wp:attachment":[{"href":"https:\/\/linitiative.ca\/International\/wp-json\/wp\/v2\/media?parent=124668"}],"wp:term":[{"taxonomy":"category","embeddable":true,"href":"https:\/\/linitiative.ca\/International\/wp-json\/wp\/v2\/categories?post=124668"},{"taxonomy":"post_tag","embeddable":true,"href":"https:\/\/linitiative.ca\/International\/wp-json\/wp\/v2\/tags?post=124668"}],"curies":[{"name":"wp","href":"https:\/\/api.w.org\/{rel}","templated":true}]}}