{"id":124672,"date":"2021-08-20T07:31:39","date_gmt":"2021-08-20T11:31:39","guid":{"rendered":"https:\/\/linitiative.ca\/International\/lemploi-des-jeunes-un-defi-commun-aux-forces-politiques\/"},"modified":"2021-08-20T07:31:39","modified_gmt":"2021-08-20T11:31:39","slug":"lemploi-des-jeunes-un-defi-commun-aux-forces-politiques","status":"publish","type":"post","link":"https:\/\/linitiative.ca\/International\/lemploi-des-jeunes-un-defi-commun-aux-forces-politiques\/","title":{"rendered":"L\u2019emploi des jeunes. Un d\u00e9fi commun aux forces politiques"},"content":{"rendered":"<div><img decoding=\"async\" width=\"1040\" height=\"584\" src=\"https:\/\/linitiative.ca\/International\/wp-content\/uploads\/sites\/23\/2021\/08\/emploi-jeune.jpg\" class=\"attachment-post-thumbnail size-post-thumbnail wp-post-image\" alt=\"\" loading=\"lazy\" srcset=\"https:\/\/linitiative.ca\/International\/wp-content\/uploads\/sites\/23\/2021\/08\/emploi-jeune.jpg 1040w, https:\/\/www.challenge.ma\/wp-content\/uploads\/2021\/08\/emploi-jeune-300x168.jpg 300w, https:\/\/www.challenge.ma\/wp-content\/uploads\/2021\/08\/emploi-jeune-1024x575.jpg 1024w, https:\/\/www.challenge.ma\/wp-content\/uploads\/2021\/08\/emploi-jeune-768x431.jpg 768w, https:\/\/www.challenge.ma\/wp-content\/uploads\/2021\/08\/emploi-jeune-360x202.jpg 360w, https:\/\/www.challenge.ma\/wp-content\/uploads\/2021\/08\/emploi-jeune-750x421.jpg 750w\" sizes=\"auto, (max-width: 1040px) 100vw, 1040px\" itemprop=\"image\">La participation politique des jeunes est tr\u00e8s faible. C\u2019est un constat partag\u00e9 unanimement o\u00f9 se v\u00e9rifie le principe \u00ab\u00a0l\u2019existence (surtout sociale) d\u00e9termine la conscience\u00a0\u00bb. L\u2019une des principales causes serait la faible implication soci\u00e9tale, \u00e0 commencer par l\u2019emploi. D\u2019apr\u00e8s la derni\u00e8re enqu\u00eate men\u00e9e par l\u2019Observatoire National du D\u00e9veloppement Humain (ONDH), en<\/div>\n<p>Auteur: Mohamed Amine<br \/>\n<a href=\"https:\/\/www.challenge.ma\/lemploi-des-jeunes-un-defi-commun-aux-forces-politiques-196125\/\">Cliquez ici pour lire l&rsquo;article depuis sa source.<\/a><\/p>\n","protected":false},"excerpt":{"rendered":"<p>La participation politique des jeunes est tr\u00e8s faible. C\u2019est un constat partag\u00e9 unanimement o\u00f9 se v\u00e9rifie le principe \u00ab\u00a0l\u2019existence (surtout sociale) d\u00e9termine la conscience\u00a0\u00bb. L\u2019une des principales causes serait la faible implication soci\u00e9tale, \u00e0 commencer par l\u2019emploi. D\u2019apr\u00e8s la derni\u00e8re enqu\u00eate men\u00e9e par l\u2019Observatoire National du D\u00e9veloppement Humain (ONDH), en Auteur: Mohamed Amine Cliquez ici [&hellip;]<\/p>\n","protected":false},"author":1787,"featured_media":0,"comment_status":"closed","ping_status":"closed","sticky":false,"template":"","format":"standard","meta":{"fifu_image_url":"https:\/\/www.challenge.ma\/wp-content\/uploads\/2021\/08\/emploi-jeune.jpg","fifu_image_alt":"L\u2019emploi des jeunes. Un d\u00e9fi commun aux forces politiques","footnotes":""},"categories":[78,54],"tags":[],"class_list":["post-124672","post","type-post","status-publish","format-standard","hentry","category-economie","category-maroc"],"_links":{"self":[{"href":"https:\/\/linitiative.ca\/International\/wp-json\/wp\/v2\/posts\/124672","targetHints":{"allow":["GET"]}}],"collection":[{"href":"https:\/\/linitiative.ca\/International\/wp-json\/wp\/v2\/posts"}],"about":[{"href":"https:\/\/linitiative.ca\/International\/wp-json\/wp\/v2\/types\/post"}],"author":[{"embeddable":true,"href":"https:\/\/linitiative.ca\/International\/wp-json\/wp\/v2\/users\/1787"}],"replies":[{"embeddable":true,"href":"https:\/\/linitiative.ca\/International\/wp-json\/wp\/v2\/comments?post=124672"}],"version-history":[{"count":0,"href":"https:\/\/linitiative.ca\/International\/wp-json\/wp\/v2\/posts\/124672\/revisions"}],"wp:attachment":[{"href":"https:\/\/linitiative.ca\/International\/wp-json\/wp\/v2\/media?parent=124672"}],"wp:term":[{"taxonomy":"category","embeddable":true,"href":"https:\/\/linitiative.ca\/International\/wp-json\/wp\/v2\/categories?post=124672"},{"taxonomy":"post_tag","embeddable":true,"href":"https:\/\/linitiative.ca\/International\/wp-json\/wp\/v2\/tags?post=124672"}],"curies":[{"name":"wp","href":"https:\/\/api.w.org\/{rel}","templated":true}]}}