{"id":124682,"date":"2021-08-20T15:40:12","date_gmt":"2021-08-20T19:40:12","guid":{"rendered":"https:\/\/linitiative.ca\/International\/kef-deces-de-3-personnes-dans-un-accident-de-la-circulation\/"},"modified":"2021-08-20T15:40:12","modified_gmt":"2021-08-20T19:40:12","slug":"kef-deces-de-3-personnes-dans-un-accident-de-la-circulation","status":"publish","type":"post","link":"https:\/\/linitiative.ca\/International\/kef-deces-de-3-personnes-dans-un-accident-de-la-circulation\/","title":{"rendered":"Kef : D\u00e9c\u00e8s de 3 personnes dans un accident de la circulation"},"content":{"rendered":"<div>\n<p>Le Kef a \u00e9t\u00e9 t\u00e9moin ce vendredi soir 20 ao\u00fbt 2021, d\u2019un accident de la circulation sur la route entre El Kef et Dahmani. L\u2019accident a engendr\u00e9 le d\u00e9c\u00e8s de 2 hommes et une femme sur le coup, ainsi que des bless\u00e9s qui ont \u00e9t\u00e9 transf\u00e9r\u00e9s dans l\u2019H\u00f4pital R\u00e9gional du Kef pour recevoir les soins [\u2026]<\/p>\n<p>L\u2019article <a href=\"https:\/\/www.tunisienumerique.com\/kef-deces-de-3-personnes-dans-un-accident-de-la-circulation\/\">Kef : D\u00e9c\u00e8s de 3 personnes dans un accident de la circulation<\/a> est apparu en premier sur <a href=\"https:\/\/www.tunisienumerique.com\/\">Tunisie<\/a>.<\/p>\n<\/div>\n<p>Auteur: rania ben slimane<br \/>\n<a href=\"https:\/\/www.tunisienumerique.com\/kef-deces-de-3-personnes-dans-un-accident-de-la-circulation\/\">Cliquez ici pour lire l&rsquo;article depuis sa source.<\/a><\/p>\n","protected":false},"excerpt":{"rendered":"<p>Le Kef a \u00e9t\u00e9 t\u00e9moin ce vendredi soir 20 ao\u00fbt 2021, d\u2019un accident de la circulation sur la route entre El Kef et Dahmani. L\u2019accident a engendr\u00e9 le d\u00e9c\u00e8s de 2 hommes et une femme sur le coup, ainsi que des bless\u00e9s qui ont \u00e9t\u00e9 transf\u00e9r\u00e9s dans l\u2019H\u00f4pital R\u00e9gional du Kef pour recevoir les soins [&hellip;]<\/p>\n","protected":false},"author":1789,"featured_media":0,"comment_status":"closed","ping_status":"closed","sticky":false,"template":"","format":"standard","meta":{"fifu_image_url":"","fifu_image_alt":"","footnotes":""},"categories":[73,55],"tags":[],"class_list":["post-124682","post","type-post","status-publish","format-standard","hentry","category-actualite","category-tunisie"],"_links":{"self":[{"href":"https:\/\/linitiative.ca\/International\/wp-json\/wp\/v2\/posts\/124682","targetHints":{"allow":["GET"]}}],"collection":[{"href":"https:\/\/linitiative.ca\/International\/wp-json\/wp\/v2\/posts"}],"about":[{"href":"https:\/\/linitiative.ca\/International\/wp-json\/wp\/v2\/types\/post"}],"author":[{"embeddable":true,"href":"https:\/\/linitiative.ca\/International\/wp-json\/wp\/v2\/users\/1789"}],"replies":[{"embeddable":true,"href":"https:\/\/linitiative.ca\/International\/wp-json\/wp\/v2\/comments?post=124682"}],"version-history":[{"count":0,"href":"https:\/\/linitiative.ca\/International\/wp-json\/wp\/v2\/posts\/124682\/revisions"}],"wp:attachment":[{"href":"https:\/\/linitiative.ca\/International\/wp-json\/wp\/v2\/media?parent=124682"}],"wp:term":[{"taxonomy":"category","embeddable":true,"href":"https:\/\/linitiative.ca\/International\/wp-json\/wp\/v2\/categories?post=124682"},{"taxonomy":"post_tag","embeddable":true,"href":"https:\/\/linitiative.ca\/International\/wp-json\/wp\/v2\/tags?post=124682"}],"curies":[{"name":"wp","href":"https:\/\/api.w.org\/{rel}","templated":true}]}}