{"id":124686,"date":"2021-08-20T16:58:15","date_gmt":"2021-08-20T20:58:15","guid":{"rendered":"https:\/\/linitiative.ca\/International\/tunisie-kais-saied-jai-limoge-le-gouverneur-de-ben-arous-pour-cette-raison\/"},"modified":"2021-08-20T16:58:15","modified_gmt":"2021-08-20T20:58:15","slug":"tunisie-kais-saied-jai-limoge-le-gouverneur-de-ben-arous-pour-cette-raison","status":"publish","type":"post","link":"https:\/\/linitiative.ca\/International\/tunisie-kais-saied-jai-limoge-le-gouverneur-de-ben-arous-pour-cette-raison\/","title":{"rendered":"Tunisie-Kais Saied: \u201cJ\u2019ai limog\u00e9 le Gouverneur de Ben Arous pour cette raison !\u201d"},"content":{"rendered":"<div>\n<p>Le pr\u00e9sident de la R\u00e9publique, Kais Saied a effectu\u00e9 une visite inopin\u00e9e \u00e0 une entreprise de mat\u00e9riaux de construction \u00e0 Fouchena du gouvernorat de Ben Arous et ce dans le cadre de lutte contre le monopole. Au cours de la visite d\u2019inspection, Saied a r\u00e9v\u00e9l\u00e9 qu\u2019il a limog\u00e9 le Gouverneur de Ben Arous en raison [\u2026]<\/p>\n<p>L\u2019article <a href=\"https:\/\/www.tunisienumerique.com\/tunisie-kais-saied-jai-limoge-le-gouverneur-de-ben-arous-pour-cette-raison\/\">Tunisie-Kais Saied: \u201cJ\u2019ai limog\u00e9 le Gouverneur de Ben Arous pour cette raison !\u201d<\/a> est apparu en premier sur <a href=\"https:\/\/www.tunisienumerique.com\/\">Tunisie<\/a>.<\/p>\n<\/div>\n<p>Auteur: rania ben slimane<br \/>\n<a href=\"https:\/\/www.tunisienumerique.com\/tunisie-kais-saied-jai-limoge-le-gouverneur-de-ben-arous-pour-cette-raison\/\">Cliquez ici pour lire l&rsquo;article depuis sa source.<\/a><\/p>\n","protected":false},"excerpt":{"rendered":"<p>Le pr\u00e9sident de la R\u00e9publique, Kais Saied a effectu\u00e9 une visite inopin\u00e9e \u00e0 une entreprise de mat\u00e9riaux de construction \u00e0 Fouchena du gouvernorat de Ben Arous et ce dans le cadre de lutte contre le monopole. Au cours de la visite d\u2019inspection, Saied a r\u00e9v\u00e9l\u00e9 qu\u2019il a limog\u00e9 le Gouverneur de Ben Arous en raison [&hellip;]<\/p>\n","protected":false},"author":1789,"featured_media":0,"comment_status":"closed","ping_status":"closed","sticky":false,"template":"","format":"standard","meta":{"fifu_image_url":"","fifu_image_alt":"","footnotes":""},"categories":[73,55],"tags":[],"class_list":["post-124686","post","type-post","status-publish","format-standard","hentry","category-actualite","category-tunisie"],"_links":{"self":[{"href":"https:\/\/linitiative.ca\/International\/wp-json\/wp\/v2\/posts\/124686","targetHints":{"allow":["GET"]}}],"collection":[{"href":"https:\/\/linitiative.ca\/International\/wp-json\/wp\/v2\/posts"}],"about":[{"href":"https:\/\/linitiative.ca\/International\/wp-json\/wp\/v2\/types\/post"}],"author":[{"embeddable":true,"href":"https:\/\/linitiative.ca\/International\/wp-json\/wp\/v2\/users\/1789"}],"replies":[{"embeddable":true,"href":"https:\/\/linitiative.ca\/International\/wp-json\/wp\/v2\/comments?post=124686"}],"version-history":[{"count":0,"href":"https:\/\/linitiative.ca\/International\/wp-json\/wp\/v2\/posts\/124686\/revisions"}],"wp:attachment":[{"href":"https:\/\/linitiative.ca\/International\/wp-json\/wp\/v2\/media?parent=124686"}],"wp:term":[{"taxonomy":"category","embeddable":true,"href":"https:\/\/linitiative.ca\/International\/wp-json\/wp\/v2\/categories?post=124686"},{"taxonomy":"post_tag","embeddable":true,"href":"https:\/\/linitiative.ca\/International\/wp-json\/wp\/v2\/tags?post=124686"}],"curies":[{"name":"wp","href":"https:\/\/api.w.org\/{rel}","templated":true}]}}