{"id":124690,"date":"2021-08-19T18:54:37","date_gmt":"2021-08-19T22:54:37","guid":{"rendered":"https:\/\/linitiative.ca\/International\/camp-sangoule-lamizana-deux-membres-du-gouvernement-au-chevet-des-blesses-de-guerre\/"},"modified":"2021-08-19T18:54:37","modified_gmt":"2021-08-19T22:54:37","slug":"camp-sangoule-lamizana-deux-membres-du-gouvernement-au-chevet-des-blesses-de-guerre","status":"publish","type":"post","link":"https:\/\/linitiative.ca\/International\/camp-sangoule-lamizana-deux-membres-du-gouvernement-au-chevet-des-blesses-de-guerre\/","title":{"rendered":"Camp Sangoul\u00e9 Lamizana : deux membres du gouvernement au chevet des bless\u00e9s de guerre"},"content":{"rendered":"<div>\n<p>Le ministre de la S\u00e9curit\u00e9 et celui de la Sant\u00e9 accompagn\u00e9s du Chef d\u2019\u00e9tat-major Adjoint de la Gendarmerie National, du Directeur G\u00e9n\u00e9ral de la Police Nationale et du Directeur des Ressources Humaines du minist\u00e8re en charge de la D\u00e9fense nationale \u00e9taient, le 19 ao\u00fbt 2021, en milieu de matin\u00e9e, au chevet de tous les bless\u00e9s de guerre de l\u2019h\u00f4pital Militaire du Camp Sangoul\u00e9 Lamizana de Ouagadougou. Maxime Lomboza KONE et le Pr Charlemagne Marie Ouedraogo se sont aussi enquis, au nom du gouvernement, de l\u2019\u00e9tat de Sant\u00e9 des bless\u00e9s de l\u2019attaque de Gorgadji.<\/p>\n<p>Les deux membres du gouvernement et leur d\u00e9l\u00e9gation se sont ensuite rendus \u00e0 l\u2019h\u00f4pital de la Gendarmerie Nationale sis Camp Paspanga o\u00f9 des bless\u00e9s ont \u00e9galement \u00e9t\u00e9 admis. C\u2019est par les services des urgences du CHU de Bogodogo o\u00f9 sont pris en charge les bless\u00e9s civiles que cette s\u00e9rie de visites a pris fin. Les diff\u00e9rents responsables des h\u00f4pitaux ont, \u00e0 l\u2019occasion, rassur\u00e9 les membres du gouvernement. Et pour cause, l\u2019\u00e9tat de sant\u00e9 des bless\u00e9s est stable. La d\u00e9l\u00e9gation gouvernementale a eu, au cours de ces visites, l\u2019opportunit\u00e9 d\u2019\u00e9changer avec les bless\u00e9s auxquels elle a pr\u00e9sent\u00e9 les v\u0153ux de prompt r\u00e9tablissement et traduit le soutien du gouvernement avant de les encourager. Maxime Lomboza KONE et le Pr Charlemagne Marie Ouedraogo ont remis, \u00e0 chaque responsable d\u2019h\u00f4pital, une contribution financi\u00e8re.<\/p>\n<p style=\"text-align: right\"><strong>Direction de la Communication <\/strong><\/p>\n<p style=\"text-align: right\"><strong>et de la Presse Minist\u00e9rielle\/MSECU <\/strong><\/p>\n<p>L\u2019article <a rel=\"nofollow\" href=\"https:\/\/www.sidwaya.info\/blog\/2021\/08\/19\/camp-sangoule-lamizana-deux-membres-du-gouvernement-au-chevet-des-blesses-de-guerre\/\">Camp Sangoul\u00e9 Lamizana : deux membres du gouvernement au chevet des bless\u00e9s de guerre<\/a> est apparu en premier sur <a rel=\"nofollow\" href=\"https:\/\/www.sidwaya.info\/\">Quotidien Sidwaya<\/a>.<\/p>\n<\/div>\n<p>Auteur: BM. Sidwaya<br \/>\n<a href=\"https:\/\/www.sidwaya.info\/blog\/2021\/08\/19\/camp-sangoule-lamizana-deux-membres-du-gouvernement-au-chevet-des-blesses-de-guerre\/\">Cliquez ici pour lire l&rsquo;article depuis sa source.<\/a><\/p>\n","protected":false},"excerpt":{"rendered":"<p>Le ministre de la S\u00e9curit\u00e9 et celui de la Sant\u00e9 accompagn\u00e9s du Chef d\u2019\u00e9tat-major Adjoint de la Gendarmerie National, du Directeur G\u00e9n\u00e9ral de la Police Nationale et du Directeur des Ressources Humaines du minist\u00e8re en charge de la D\u00e9fense nationale \u00e9taient, le 19 ao\u00fbt 2021, en milieu de matin\u00e9e, au chevet de tous les bless\u00e9s [&hellip;]<\/p>\n","protected":false},"author":1816,"featured_media":0,"comment_status":"closed","ping_status":"closed","sticky":false,"template":"","format":"standard","meta":{"fifu_image_url":"","fifu_image_alt":"","footnotes":""},"categories":[73,81],"tags":[],"class_list":["post-124690","post","type-post","status-publish","format-standard","hentry","category-actualite","category-burkina-faso"],"_links":{"self":[{"href":"https:\/\/linitiative.ca\/International\/wp-json\/wp\/v2\/posts\/124690","targetHints":{"allow":["GET"]}}],"collection":[{"href":"https:\/\/linitiative.ca\/International\/wp-json\/wp\/v2\/posts"}],"about":[{"href":"https:\/\/linitiative.ca\/International\/wp-json\/wp\/v2\/types\/post"}],"author":[{"embeddable":true,"href":"https:\/\/linitiative.ca\/International\/wp-json\/wp\/v2\/users\/1816"}],"replies":[{"embeddable":true,"href":"https:\/\/linitiative.ca\/International\/wp-json\/wp\/v2\/comments?post=124690"}],"version-history":[{"count":0,"href":"https:\/\/linitiative.ca\/International\/wp-json\/wp\/v2\/posts\/124690\/revisions"}],"wp:attachment":[{"href":"https:\/\/linitiative.ca\/International\/wp-json\/wp\/v2\/media?parent=124690"}],"wp:term":[{"taxonomy":"category","embeddable":true,"href":"https:\/\/linitiative.ca\/International\/wp-json\/wp\/v2\/categories?post=124690"},{"taxonomy":"post_tag","embeddable":true,"href":"https:\/\/linitiative.ca\/International\/wp-json\/wp\/v2\/tags?post=124690"}],"curies":[{"name":"wp","href":"https:\/\/api.w.org\/{rel}","templated":true}]}}