{"id":124691,"date":"2021-08-19T18:58:13","date_gmt":"2021-08-19T22:58:13","guid":{"rendered":"https:\/\/linitiative.ca\/International\/attaque-sur-laxe-gorgadji-arbinda-le-gouverneur-du-sahel-au-chevet-des-blesses\/"},"modified":"2021-08-19T18:58:13","modified_gmt":"2021-08-19T22:58:13","slug":"attaque-sur-laxe-gorgadji-arbinda-le-gouverneur-du-sahel-au-chevet-des-blesses","status":"publish","type":"post","link":"https:\/\/linitiative.ca\/International\/attaque-sur-laxe-gorgadji-arbinda-le-gouverneur-du-sahel-au-chevet-des-blesses\/","title":{"rendered":"Attaque sur l\u2019axe Gorgadji-Arbinda  : le gouverneur du Sahel au chevet  des bless\u00e9s"},"content":{"rendered":"<div>\n<p><strong>Le gouverneur de la r\u00e9gion du Sahel, le colonel-major, Salfo Kabor\u00e9, a rendu une visite, le jeudi 19 ao\u00fbt 2021, aux bless\u00e9s de l\u2019attaque survenue sur l\u2019axe Gorgadji-Arbinda, admis au Centre hospitalier r\u00e9gional (CHR) de Dori.<\/strong><\/p>\n<p>Il est 8h 36 minutes, lorsque le gouverneur de la r\u00e9gion du Sahel, le colonel-major Salfo Kabor\u00e9, fait son entr\u00e9e au Centre hospitalier r\u00e9gional (CHR) de Dori, le jeudi 19 ao\u00fbt 2021. Objectif, s\u2019enqu\u00e9rir de l\u2019\u00e9tat de sant\u00e9 des patients bless\u00e9s \u00e0 la jambe, \u00e0 la cuisse, \u00e0 la t\u00eate et au bras \u00e0 la suite de l\u2019attaque perp\u00e9tr\u00e9e contre un convoi mixte compos\u00e9 de civils, d\u2019\u00e9l\u00e9ments des Forces de d\u00e9fense et de s\u00e9curit\u00e9 (FDS) et de Volontaires pour la d\u00e9fense de la patrie (VDP), la veille, sur l\u2019axe Gorgadji-Arbinda. Il s\u2019est, en outre, agi pour lui d\u2019encourager les agents de sant\u00e9 et de s\u2019assurer que la prise en charge se passe bien. Apr\u00e8s les civilit\u00e9s, il s\u2019est dirig\u00e9 au service de chirurgie o\u00f9 sont hospitalis\u00e9s quatre patients, dont trois FDS et un civil (un enfant). Le gouverneur de la r\u00e9gion du Sahel a \u00e9chang\u00e9 avec les bless\u00e9s en vue de savoir s\u2019ils sont bien pris en charge. Par la suite, cap a \u00e9t\u00e9 mis sur le service des urgences m\u00e9dico-chirurgicales o\u00f9 est admis un FDS en attente d\u2019\u00e9vacuation sur Ouagadougou. Le gouverneur Kabor\u00e9 a pr\u00e9sent\u00e9 les condol\u00e9ances du gouvernement aux familles endeuill\u00e9es et souhait\u00e9 un prompt r\u00e9tablissement aux bless\u00e9s. Pour lui, les Burkinab\u00e8 doivent prier Dieu pour que cette liste macabre de morts et de bless\u00e9s s\u2019arr\u00eate.A en croire le m\u00e9decin g\u00e9n\u00e9raliste aux urgences m\u00e9dico-chirurgicales du CHR de Dori, Dr A\u00efda Yangan\u00e9, cinq patients ont \u00e9t\u00e9 re\u00e7us dont un cas grave.<\/p>\n<p>\u00ab\u00a0Le cas grave est toujours aux urgences mais son \u00e9tat est stable, puisque son pronostic vital n\u2019est pas engag\u00e9. Nous attendons l\u2019h\u00e9licopt\u00e8re pour son \u00e9vacuation sur Ouagadougou pour une prise en charge sp\u00e9cialis\u00e9e. Concernant les autres bless\u00e9s, leur \u00e9tat est \u00e9galement stable\u00a0\u00bb, a expliqu\u00e9 Dr Yangan\u00e9. En rappel, le convoi mixte avait quitt\u00e9 Dori aux environs de 10 heures et a \u00e9t\u00e9 pris pour cible vers 14 heures dans le village de Boukouma en partance pour Arbinda. Selon un communiqu\u00e9 du gouvernement en date du 18 ao\u00fbt 2021, l\u2019attaque a fait 47 morts, dont 30 civils, 14 FDS et 3 VDP. En cette douloureuse circonstance, le Pr\u00e9sident du Faso, Roch Marc Christian Kabor\u00e9, a d\u00e9cr\u00e9t\u00e9 un deuil national de 72 heures, \u00e0 compter du jeudi 19 ao\u00fbt 2021 \u00e0 00h00.<\/p>\n<p style=\"text-align: right\"><strong>Souaibou NOMBRE <\/strong><\/p>\n<p style=\"text-align: right\"><strong>snombre29@yahoo.fr <\/strong><\/p>\n<p>L\u2019article <a rel=\"nofollow\" href=\"https:\/\/www.sidwaya.info\/blog\/2021\/08\/19\/attaque-sur-laxe-gorgadji-arbinda-le-gouverneur-du-sahel-au-chevet-des-blesses\/\">Attaque sur l\u2019axe Gorgadji-Arbinda  : le gouverneur du Sahel au chevet  des bless\u00e9s<\/a> est apparu en premier sur <a rel=\"nofollow\" href=\"https:\/\/www.sidwaya.info\/\">Quotidien Sidwaya<\/a>.<\/p>\n<\/div>\n<p>Auteur: BM. Sidwaya<br \/>\n<a href=\"https:\/\/www.sidwaya.info\/blog\/2021\/08\/19\/attaque-sur-laxe-gorgadji-arbinda-le-gouverneur-du-sahel-au-chevet-des-blesses\/\">Cliquez ici pour lire l&rsquo;article depuis sa source.<\/a><\/p>\n","protected":false},"excerpt":{"rendered":"<p>Le gouverneur de la r\u00e9gion du Sahel, le colonel-major, Salfo Kabor\u00e9, a rendu une visite, le jeudi 19 ao\u00fbt 2021, aux bless\u00e9s de l\u2019attaque survenue sur l\u2019axe Gorgadji-Arbinda, admis au Centre hospitalier r\u00e9gional (CHR) de Dori. Il est 8h 36 minutes, lorsque le gouverneur de la r\u00e9gion du Sahel, le colonel-major Salfo Kabor\u00e9, fait son [&hellip;]<\/p>\n","protected":false},"author":1816,"featured_media":0,"comment_status":"closed","ping_status":"closed","sticky":false,"template":"","format":"standard","meta":{"fifu_image_url":"","fifu_image_alt":"","footnotes":""},"categories":[73,81],"tags":[],"class_list":["post-124691","post","type-post","status-publish","format-standard","hentry","category-actualite","category-burkina-faso"],"_links":{"self":[{"href":"https:\/\/linitiative.ca\/International\/wp-json\/wp\/v2\/posts\/124691","targetHints":{"allow":["GET"]}}],"collection":[{"href":"https:\/\/linitiative.ca\/International\/wp-json\/wp\/v2\/posts"}],"about":[{"href":"https:\/\/linitiative.ca\/International\/wp-json\/wp\/v2\/types\/post"}],"author":[{"embeddable":true,"href":"https:\/\/linitiative.ca\/International\/wp-json\/wp\/v2\/users\/1816"}],"replies":[{"embeddable":true,"href":"https:\/\/linitiative.ca\/International\/wp-json\/wp\/v2\/comments?post=124691"}],"version-history":[{"count":0,"href":"https:\/\/linitiative.ca\/International\/wp-json\/wp\/v2\/posts\/124691\/revisions"}],"wp:attachment":[{"href":"https:\/\/linitiative.ca\/International\/wp-json\/wp\/v2\/media?parent=124691"}],"wp:term":[{"taxonomy":"category","embeddable":true,"href":"https:\/\/linitiative.ca\/International\/wp-json\/wp\/v2\/categories?post=124691"},{"taxonomy":"post_tag","embeddable":true,"href":"https:\/\/linitiative.ca\/International\/wp-json\/wp\/v2\/tags?post=124691"}],"curies":[{"name":"wp","href":"https:\/\/api.w.org\/{rel}","templated":true}]}}