{"id":124692,"date":"2021-08-19T19:01:26","date_gmt":"2021-08-19T23:01:26","guid":{"rendered":"https:\/\/linitiative.ca\/International\/diantre-ou-etes-vous\/"},"modified":"2021-08-19T19:01:26","modified_gmt":"2021-08-19T23:01:26","slug":"diantre-ou-etes-vous","status":"publish","type":"post","link":"https:\/\/linitiative.ca\/International\/diantre-ou-etes-vous\/","title":{"rendered":"Diantre,  o\u00f9 \u00eates-vous\u00a0?"},"content":{"rendered":"<div>\n<p>Ce matin je me suis r\u00e9veill\u00e9 seul et veule dans le noir<\/p>\n<p>Le souffle du destin a emport\u00e9 la lueur des cierges du soir Sur les murs ternes, saignaient des graffitis rouge sang Dans l\u2019air du temps, le vent avait \u00e9rod\u00e9 la beaut\u00e9 des chants<\/p>\n<p>Il ne restait qu\u2019un hymne solitaire, entonn\u00e9 au minima Et un drapeau de douleur hiss\u00e9 avec rage \u00e0 mi- m\u00e2t<\/p>\n<p>Il ne restait que le sang vers\u00e9 des braves tomb\u00e9s \u00e0 venger<\/p>\n<p>Il ne restait que la patrie de la fratrie \u00e0 sauver du danger Jusqu\u2019\u00e0 quand le soleil va-t-il r\u00e9tracter ses rayons dans sa tani\u00e8re ?<\/p>\n<p>O\u00f9 sont-ils nos cerb\u00e8res aust\u00e8res garants de nos myst\u00e8res d\u2019hier ?<\/p>\n<p>Pourquoi la terre de nos p\u00e8res t\u00e9m\u00e9raires s\u2019est-elle tue en pleine bataille ?<\/p>\n<p>Nos traditions ont-elles perdu les formules des libations sur l\u2019autel des ripailles ?<\/p>\n<p>O\u00f9 sont pass\u00e9s nos r\u00e9v\u00e9lateurs, faiseurs de miracles, draineurs de monde ?<\/p>\n<p>Que disent les signes que vous brandissez sur fond de tapage immonde ? O\u00f9 sont les champions de la foi, liseurs de destin en eau trouble, par c\u0153ur ?<\/p>\n<p>De quoi sera fait demain, digne pr\u00e9dicateur dans la peau de pr\u00e9varicateur ?<\/p>\n<p>Rien ne sert de remplir nos temples si nos voix s\u2019estompent dans le plafond Rien ne sert de jurer au nom des anc\u00eatres si le sceptre sacr\u00e9 n\u2019est qu\u2019un tronc De quelle bravoure \u00e9pique vantons-nous, si les braves du clan sont des nouveau-n\u00e9s ?<\/p>\n<p>A quoi sert le pouvoir du regard si l\u2019on ne peut m\u00eame pas voir plus que le bout du nez ?<\/p>\n<p style=\"text-align: right\"><strong> Cl\u00e9ment ZONGO <\/strong><\/p>\n<p style=\"text-align: right\"><strong>clmentzongo@yahoo.fr<\/strong><\/p>\n<p>L\u2019article <a rel=\"nofollow\" href=\"https:\/\/www.sidwaya.info\/blog\/2021\/08\/19\/diantre-ou-etes-vous\/\">Diantre,  o\u00f9 \u00eates-vous\u00a0?<\/a> est apparu en premier sur <a rel=\"nofollow\" href=\"https:\/\/www.sidwaya.info\/\">Quotidien Sidwaya<\/a>.<\/p>\n<\/div>\n<p>Auteur: BM. Sidwaya<br \/>\n<a href=\"https:\/\/www.sidwaya.info\/blog\/2021\/08\/19\/diantre-ou-etes-vous\/\">Cliquez ici pour lire l&rsquo;article depuis sa source.<\/a><\/p>\n","protected":false},"excerpt":{"rendered":"<p>Ce matin je me suis r\u00e9veill\u00e9 seul et veule dans le noir Le souffle du destin a emport\u00e9 la lueur des cierges du soir Sur les murs ternes, saignaient des graffitis rouge sang Dans l\u2019air du temps, le vent avait \u00e9rod\u00e9 la beaut\u00e9 des chants Il ne restait qu\u2019un hymne solitaire, entonn\u00e9 au minima Et [&hellip;]<\/p>\n","protected":false},"author":1816,"featured_media":0,"comment_status":"closed","ping_status":"closed","sticky":false,"template":"","format":"standard","meta":{"fifu_image_url":"","fifu_image_alt":"","footnotes":""},"categories":[73,81],"tags":[],"class_list":["post-124692","post","type-post","status-publish","format-standard","hentry","category-actualite","category-burkina-faso"],"_links":{"self":[{"href":"https:\/\/linitiative.ca\/International\/wp-json\/wp\/v2\/posts\/124692","targetHints":{"allow":["GET"]}}],"collection":[{"href":"https:\/\/linitiative.ca\/International\/wp-json\/wp\/v2\/posts"}],"about":[{"href":"https:\/\/linitiative.ca\/International\/wp-json\/wp\/v2\/types\/post"}],"author":[{"embeddable":true,"href":"https:\/\/linitiative.ca\/International\/wp-json\/wp\/v2\/users\/1816"}],"replies":[{"embeddable":true,"href":"https:\/\/linitiative.ca\/International\/wp-json\/wp\/v2\/comments?post=124692"}],"version-history":[{"count":0,"href":"https:\/\/linitiative.ca\/International\/wp-json\/wp\/v2\/posts\/124692\/revisions"}],"wp:attachment":[{"href":"https:\/\/linitiative.ca\/International\/wp-json\/wp\/v2\/media?parent=124692"}],"wp:term":[{"taxonomy":"category","embeddable":true,"href":"https:\/\/linitiative.ca\/International\/wp-json\/wp\/v2\/categories?post=124692"},{"taxonomy":"post_tag","embeddable":true,"href":"https:\/\/linitiative.ca\/International\/wp-json\/wp\/v2\/tags?post=124692"}],"curies":[{"name":"wp","href":"https:\/\/api.w.org\/{rel}","templated":true}]}}