{"id":124693,"date":"2021-08-20T14:17:57","date_gmt":"2021-08-20T18:17:57","guid":{"rendered":"https:\/\/linitiative.ca\/International\/conseil-superieur-de-la-defense-nationale-faire-le-point-de-la-situation-securitaire\/"},"modified":"2021-08-20T14:17:57","modified_gmt":"2021-08-20T18:17:57","slug":"conseil-superieur-de-la-defense-nationale-faire-le-point-de-la-situation-securitaire","status":"publish","type":"post","link":"https:\/\/linitiative.ca\/International\/conseil-superieur-de-la-defense-nationale-faire-le-point-de-la-situation-securitaire\/","title":{"rendered":"Conseil sup\u00e9rieur de la D\u00e9fense nationale : faire le point de la situation s\u00e9curitaire"},"content":{"rendered":"<div>\n<div class=\"kvgmc6g5 cxmmr5t8 oygrvhab hcukyx3x c1et5uql ii04i59q\">\n<div dir=\"auto\"><\/div>\n<\/div>\n<div class=\"o9v6fnle cxmmr5t8 oygrvhab hcukyx3x c1et5uql ii04i59q\">\n<div dir=\"auto\">\u00a0Le pr\u00e9sident du Faso, Roch Marc Christian Kabor\u00e9, ministre de la D\u00e9fense nationale et des anciens Combattants a pr\u00e9sid\u00e9 \u00e0 Ouagadougou, le \u00a020 ao\u00fbt 2021. une session du Conseil sup\u00e9rieur de la D\u00e9fense nationale.<\/div>\n<div dir=\"auto\">Les membres du Conseil ont fait le point de la situation s\u00e9curitaire nationale, marqu\u00e9e par une recrudescence des attaques terroristes, et discut\u00e9 des mesures urgentes \u00e0 prendre que cela n\u00e9cessite.<\/div>\n<div dir=\"auto\"><\/div>\n<\/div>\n<div class=\"o9v6fnle cxmmr5t8 oygrvhab hcukyx3x c1et5uql ii04i59q\">\n<div dir=\"auto\">Direction de la communication de la pr\u00e9sidence du Faso<\/div>\n<\/div>\n<p>L\u2019article <a rel=\"nofollow\" href=\"https:\/\/www.sidwaya.info\/blog\/2021\/08\/20\/conseil-superieur-de-la-defense-nationale-faire-le-point-de-la-situation-securitaire\/\">Conseil sup\u00e9rieur de la D\u00e9fense nationale : faire le point de la situation s\u00e9curitaire<\/a> est apparu en premier sur <a rel=\"nofollow\" href=\"https:\/\/www.sidwaya.info\/\">Quotidien Sidwaya<\/a>.<\/p>\n<\/div>\n<p>Auteur: BS. Sidwaya<br \/>\n<a href=\"https:\/\/www.sidwaya.info\/blog\/2021\/08\/20\/conseil-superieur-de-la-defense-nationale-faire-le-point-de-la-situation-securitaire\/\">Cliquez ici pour lire l&rsquo;article depuis sa source.<\/a><\/p>\n","protected":false},"excerpt":{"rendered":"<p>\u00a0Le pr\u00e9sident du Faso, Roch Marc Christian Kabor\u00e9, ministre de la D\u00e9fense nationale et des anciens Combattants a pr\u00e9sid\u00e9 \u00e0 Ouagadougou, le \u00a020 ao\u00fbt 2021. une session du Conseil sup\u00e9rieur de la D\u00e9fense nationale. Les membres du Conseil ont fait le point de la situation s\u00e9curitaire nationale, marqu\u00e9e par une recrudescence des attaques terroristes, et [&hellip;]<\/p>\n","protected":false},"author":1816,"featured_media":0,"comment_status":"closed","ping_status":"closed","sticky":false,"template":"","format":"standard","meta":{"fifu_image_url":"","fifu_image_alt":"","footnotes":""},"categories":[73,81],"tags":[],"class_list":["post-124693","post","type-post","status-publish","format-standard","hentry","category-actualite","category-burkina-faso"],"_links":{"self":[{"href":"https:\/\/linitiative.ca\/International\/wp-json\/wp\/v2\/posts\/124693","targetHints":{"allow":["GET"]}}],"collection":[{"href":"https:\/\/linitiative.ca\/International\/wp-json\/wp\/v2\/posts"}],"about":[{"href":"https:\/\/linitiative.ca\/International\/wp-json\/wp\/v2\/types\/post"}],"author":[{"embeddable":true,"href":"https:\/\/linitiative.ca\/International\/wp-json\/wp\/v2\/users\/1816"}],"replies":[{"embeddable":true,"href":"https:\/\/linitiative.ca\/International\/wp-json\/wp\/v2\/comments?post=124693"}],"version-history":[{"count":0,"href":"https:\/\/linitiative.ca\/International\/wp-json\/wp\/v2\/posts\/124693\/revisions"}],"wp:attachment":[{"href":"https:\/\/linitiative.ca\/International\/wp-json\/wp\/v2\/media?parent=124693"}],"wp:term":[{"taxonomy":"category","embeddable":true,"href":"https:\/\/linitiative.ca\/International\/wp-json\/wp\/v2\/categories?post=124693"},{"taxonomy":"post_tag","embeddable":true,"href":"https:\/\/linitiative.ca\/International\/wp-json\/wp\/v2\/tags?post=124693"}],"curies":[{"name":"wp","href":"https:\/\/api.w.org\/{rel}","templated":true}]}}