{"id":124694,"date":"2021-08-20T13:18:01","date_gmt":"2021-08-20T17:18:01","guid":{"rendered":"https:\/\/linitiative.ca\/International\/systeme-educatif-ivoirien-des-acteurs-appellent-a-une-education-inclusive\/"},"modified":"2021-08-20T13:18:01","modified_gmt":"2021-08-20T17:18:01","slug":"systeme-educatif-ivoirien-des-acteurs-appellent-a-une-education-inclusive","status":"publish","type":"post","link":"https:\/\/linitiative.ca\/International\/systeme-educatif-ivoirien-des-acteurs-appellent-a-une-education-inclusive\/","title":{"rendered":"Syst\u00e8me \u00e9ducatif ivoirien: des acteurs appellent \u00e0 une \u00e9ducation inclusive"},"content":{"rendered":"<div>\n<p><img loading=\"lazy\" decoding=\"async\" width=\"800\" height=\"533\" src=\"https:\/\/linitiative.ca\/International\/wp-content\/uploads\/sites\/23\/2021\/08\/16294798821348.jpg\" class=\"attachment-post-thumbnail size-post-thumbnail wp-post-image\" alt=\"\" srcset=\"https:\/\/linitiative.ca\/International\/wp-content\/uploads\/sites\/23\/2021\/08\/16294798821348.jpg 800w, https:\/\/www.journalducameroun.com\/wp-content\/uploads\/2021\/08\/16294798821348-300x200.jpg 300w, https:\/\/www.journalducameroun.com\/wp-content\/uploads\/2021\/08\/16294798821348-768x512.jpg 768w, https:\/\/www.journalducameroun.com\/wp-content\/uploads\/2021\/08\/16294798821348-660x440.jpg 660w, https:\/\/www.journalducameroun.com\/wp-content\/uploads\/2021\/08\/16294798821348-600x400.jpg 600w\" sizes=\"auto, (max-width: 800px) 100vw, 800px\"><\/p>\n<p>Des acteurs du syst\u00e8me \u00e9ducatif ivoirien ont appel\u00e9 vendredi \u00e0 Abidjan \u00e0 la prise d&rsquo;un d\u00e9cret permettant l&rsquo;inclusion des enfants en situation d&rsquo;handicap dans les \u00e9coles, \u00e0 l&rsquo;issue d&rsquo;un forum.<\/p>\n<p>Dans un rapport, ils ont sollicit\u00e9 \u00ab\u00a0la prise d&rsquo;un d\u00e9cret encadrant l&rsquo;\u00e9ducation inclusive en C\u00f4te d&rsquo;Ivoire\u00a0\u00bb, ce qui devrait permettre aux enfants en situation de handicap de se frotter \u00e0 leurs condisciples, dans les \u00e9coles.<\/p>\n<p>Le rapport, lu par M. C\u00e9lestin Doh, recommande en outre l&rsquo;\u00e9laboration d&rsquo;un plan national de l&rsquo;\u00e9ducation inclusive et la mise en place effective de la plateforme de l&rsquo;\u00e9ducation inclusive au profit des enfants en situation d&rsquo;handicap.<\/p>\n<p>Il intervient dans le cadre du \u00ab\u00a0Projet \u00e9ducation inclusive en C\u00f4te d&rsquo;Ivoire\u00a0\u00bb. Le projet b\u00e9n\u00e9ficie d&rsquo;un appui financier \u00e0 hauteur de 886 694 euros dont 650 000 euros de l&rsquo;Union europ\u00e9enne.<\/p>\n<p>Le repr\u00e9sentant du chef de l&rsquo;UE en C\u00f4te d&rsquo;Ivoire, a indiqu\u00e9 que son institution a d\u00e9cid\u00e9 de financer ce projet parce qu&rsquo; il faut soutenir l&rsquo;\u00e9galit\u00e9 des chances de tous les citoyens, sans discrimination.<\/p>\n<p>\u00ab\u00a0On peut avoir des situations de handicap, mais cela ne veut pas dire qu&rsquo;on a pas de potentiel\u00a0\u00bb, a -t-il ajout\u00e9, estimant qu&rsquo; il faut donner la chance \u00e0 chacun d&rsquo;apporter sa pierre \u00e0 l&rsquo;\u00e9difice.\u00a0<\/p>\n<p>M. Mamadou Binat\u00e9, le directeur de Cabinet du ministre de l&rsquo;\u00c9ducation nationale et de l&rsquo;alphab\u00e9tisation, a pr\u00e9cis\u00e9 que ce s\u00e9minaire \u00e9tait ax\u00e9 sur les enfants vivant avec un handicap dans le syst\u00e8me \u00e9ducatif ivoirien.\u00a0<\/p>\n<p>Il a relev\u00e9 qu&rsquo;il existe deux types de prise en charge, \u00e0 savoir l&rsquo;int\u00e9gration qui consiste \u00e0 prendre ces enfants dans le cadre de centres sp\u00e9cialis\u00e9s o\u00f9 ils sont \u00e9duqu\u00e9s entre eux, et l&rsquo;int\u00e9gration de ces enfants.\u00a0<\/p>\n<p>\u00ab\u00a0La solution que nous avons trouv\u00e9e pour la prise en charge de ces enfants, c&rsquo;est la voie de l&rsquo;inclusion et non pas celle seulement d&rsquo;int\u00e9gration\u00a0\u00bb, a -t &#8211; il dit, expliquant que l&rsquo;inclusion vise \u00e0 faire en sorte que les enfants qui vivent avec un handicap aillent \u00e0 l&rsquo;\u00e9cole avec les enfants dits normaux.\u00a0<\/p>\n<p>Cela devrait leur permettre d&rsquo;apprendre \u00e0 vivre ensemble, a-t-il soutenu, prenant l&rsquo;exemple du directeur de la promotion des personnes handicap\u00e9es qui est non voyant, et qui a r\u00e9ussi \u00e0 faire des \u00e9tudes et devenir aujourd&rsquo;hui un directeur central.<\/p>\n<p>Le projet prend en compte 51 mois d&rsquo;activit\u00e9s, allant du 1er juin 2017 au 31 ao\u00fbt 2021. Il a permis d&rsquo;observer 500 enfants en situation de handicap dans 15 \u00e9coles en C\u00f4te d&rsquo;Ivoire et d&rsquo;outiller 150 enseignants.\u00a0<\/p>\n<p>La prise en compte des besoins sp\u00e9cifiques de ces enfants en situation de handicap dans les r\u00e9ponses \u00e9ducatives est un processus qui implique d&rsquo;importantes r\u00e9formes dans le m\u00e9canisme du syst\u00e8me \u00e9ducatif en vigueur.\u00a0<\/p>\n<p>De ce fait, depuis 2013, le minist\u00e8re de l&rsquo;Education Nationale et de l&rsquo;Alphab\u00e9tisation, en collaboration avec le Minist\u00e8re de l&rsquo;Emploi et de la Protection Sociale ainsi que le Minist\u00e8re de la Femme, de la Famille et de l&rsquo;Enfant, avec l&rsquo;appui technique de l&rsquo;ONG Soci\u00e9t\u00e9 Sans Barri\u00e8res \u2013 C\u00f4te d&rsquo;Ivoire (SWB-CI) soutenue par l&rsquo;ONG internationale chr\u00e9tienne de d\u00e9veloppement Christian Blind Mission (CBM), met en \u0153uvre une exp\u00e9rience d&rsquo;inclusion des enfants en situation de handicap dans les \u00e9coles primaires ordinaires.\u00a0<\/p>\n<p>L&rsquo;extension de cette action amorc\u00e9e en 2017 qui b\u00e9n\u00e9ficie de l&rsquo;appui financier de l&rsquo;Union europ\u00e9enne, devrait permettre une exp\u00e9rience d&rsquo;\u00e9ducation inclusive en C\u00f4te d&rsquo;Ivoire en faveur des enfants en situation de handicap.<\/p>\n<p>Le projet vise en outre \u00e0 d\u00e9velopper un outil d&rsquo;op\u00e9rationnalisation de la volont\u00e9 de l&rsquo;Etat ivoirien \u00e0 garantir \u00e0 chaque citoyen, sans discrimination, un acc\u00e8s \u00e9gal et \u00e9quitable \u00e0 l&rsquo;\u00e9ducation de qualit\u00e9 dans la localit\u00e9 o\u00f9 il vit.<\/p>\n<p>Le 17 septembre 2015, le Pr\u00e9sident de la R\u00e9publique de C\u00f4te d&rsquo;Ivoire, Alassane Ouattara, a sign\u00e9 un d\u00e9cret relatif \u00e0 la scolarisation obligatoire pour tous les enfants de 6 \u00e0 16 ans sur toute l&rsquo;\u00e9tendue du territoire national.\u00a0<\/p>\n<p>Cette disposition vient consolider le cadre juridique national en faveur de l&rsquo;Education. Pour les acteurs du secteur \u00e9ducatif ivoirien,il est notable que le d\u00e9cret sur la politique de scolarisation obligatoire pr\u00e9cise que les enfants qui ont des besoins sp\u00e9cifiques ne devraient pas \u00eatre exclus de la mise en \u0153uvre de ladite politique.\u00a0<\/p>\n<p>Cet article <a rel=\"nofollow\" href=\"https:\/\/www.journalducameroun.com\/systeme-educatif-ivoirien-des-acteurs-appellent-a-une-education-inclusive\/\">Syst\u00e8me \u00e9ducatif ivoirien: des acteurs appellent \u00e0 une \u00e9ducation inclusive<\/a> est apparu en premier sur <a rel=\"nofollow\" href=\"https:\/\/www.journalducameroun.com\/\">Journal du Cameroun<\/a>.<\/p>\n<\/div>\n<p>Auteur: APA News<br \/>\n<a href=\"https:\/\/www.journalducameroun.com\/systeme-educatif-ivoirien-des-acteurs-appellent-a-une-education-inclusive\/\">Cliquez ici pour lire l&rsquo;article depuis sa source.<\/a><\/p>\n","protected":false},"excerpt":{"rendered":"<p>Des acteurs du syst\u00e8me \u00e9ducatif ivoirien ont appel\u00e9 vendredi \u00e0 Abidjan \u00e0 la prise d&rsquo;un d\u00e9cret permettant l&rsquo;inclusion des enfants en situation d&rsquo;handicap dans les \u00e9coles, \u00e0 l&rsquo;issue d&rsquo;un forum. Dans un rapport, ils ont sollicit\u00e9 \u00ab\u00a0la prise d&rsquo;un d\u00e9cret encadrant l&rsquo;\u00e9ducation inclusive en C\u00f4te d&rsquo;Ivoire\u00a0\u00bb, ce qui devrait permettre aux enfants en situation de [&hellip;]<\/p>\n","protected":false},"author":1965,"featured_media":0,"comment_status":"closed","ping_status":"closed","sticky":false,"template":"","format":"standard","meta":{"fifu_image_url":"https:\/\/www.journalducameroun.com\/wp-content\/uploads\/2021\/08\/16294798821348.jpg","fifu_image_alt":"Syst\u00e8me \u00e9ducatif ivoirien: des acteurs appellent \u00e0 une \u00e9ducation inclusive","footnotes":""},"categories":[73,82],"tags":[],"class_list":["post-124694","post","type-post","status-publish","format-standard","hentry","category-actualite","category-cameroun"],"_links":{"self":[{"href":"https:\/\/linitiative.ca\/International\/wp-json\/wp\/v2\/posts\/124694","targetHints":{"allow":["GET"]}}],"collection":[{"href":"https:\/\/linitiative.ca\/International\/wp-json\/wp\/v2\/posts"}],"about":[{"href":"https:\/\/linitiative.ca\/International\/wp-json\/wp\/v2\/types\/post"}],"author":[{"embeddable":true,"href":"https:\/\/linitiative.ca\/International\/wp-json\/wp\/v2\/users\/1965"}],"replies":[{"embeddable":true,"href":"https:\/\/linitiative.ca\/International\/wp-json\/wp\/v2\/comments?post=124694"}],"version-history":[{"count":0,"href":"https:\/\/linitiative.ca\/International\/wp-json\/wp\/v2\/posts\/124694\/revisions"}],"wp:attachment":[{"href":"https:\/\/linitiative.ca\/International\/wp-json\/wp\/v2\/media?parent=124694"}],"wp:term":[{"taxonomy":"category","embeddable":true,"href":"https:\/\/linitiative.ca\/International\/wp-json\/wp\/v2\/categories?post=124694"},{"taxonomy":"post_tag","embeddable":true,"href":"https:\/\/linitiative.ca\/International\/wp-json\/wp\/v2\/tags?post=124694"}],"curies":[{"name":"wp","href":"https:\/\/api.w.org\/{rel}","templated":true}]}}