{"id":124696,"date":"2021-08-20T13:18:42","date_gmt":"2021-08-20T17:18:42","guid":{"rendered":"https:\/\/linitiative.ca\/International\/cameroun-paul-biya-nomme-dans-les-universites-publiques-et-ratifie-deux-traites-de-cooperation-ce-20-aout-2021\/"},"modified":"2021-08-20T13:18:42","modified_gmt":"2021-08-20T17:18:42","slug":"cameroun-paul-biya-nomme-dans-les-universites-publiques-et-ratifie-deux-traites-de-cooperation-ce-20-aout-2021","status":"publish","type":"post","link":"https:\/\/linitiative.ca\/International\/cameroun-paul-biya-nomme-dans-les-universites-publiques-et-ratifie-deux-traites-de-cooperation-ce-20-aout-2021\/","title":{"rendered":"Cameroun :  Paul Biya nomme dans les universit\u00e9s publiques et ratifie deux trait\u00e9s de coop\u00e9ration ce 20 ao\u00fbt 2021"},"content":{"rendered":"<div>\n<p style=\"text-align: justify;\">Ils ont \u00e9t\u00e9 tous lus au journal de 17 heures du poste national de la CRTV.\u00a0 Les deux premiers\u00a0 nomment de nouveaux responsables dans les Universit\u00e9s d\u2019Etat. Le troisi\u00e8me annonce la ratification de l\u2019accord de coop\u00e9ration avec le Conseil f\u00e9d\u00e9ral Suisse relatif \u00e0 la suppression r\u00e9ciproque de l\u2019obligation des visas pour les d\u00e9tenteurs des passeports diplomatiques ou de service. Le dernier porte ratification du trait\u00e9 portant cr\u00e9ation de l\u2019Agence africaine du m\u00e9dicament.<\/p>\n<p style=\"text-align: justify;\">Ci-dessous, les d\u00e9crets lus au 17h du poste national de la CRTV :<\/p>\n<p><!--[if lt IE 9]><script>document.createElement('audio');<\/script><![endif]--><br \/>\n<audio class=\"wp-audio-shortcode\" id=\"audio-393087-1\" preload=\"none\" style=\"width: 100%;\" controls=\"controls\"><source type=\"audio\/mpeg\" src=\"https:\/\/www.journalducameroun.com\/wp-content\/uploads\/2021\/08\/les-deux-premiers-Decrets.mp3?_=1\"><\/source><a href=\"https:\/\/www.journalducameroun.com\/wp-content\/uploads\/2021\/08\/les-deux-premiers-Decrets.mp3\">https:\/\/www.journalducameroun.com\/wp-content\/uploads\/2021\/08\/les-deux-premiers-Decrets.mp3<\/a><\/audio><br \/>\n<audio class=\"wp-audio-shortcode\" id=\"audio-393087-2\" preload=\"none\" style=\"width: 100%;\" controls=\"controls\"><source type=\"audio\/mpeg\" src=\"https:\/\/www.journalducameroun.com\/wp-content\/uploads\/2021\/08\/Les-deux-deniers-decrets.mp3?_=2\"><\/source><a href=\"https:\/\/www.journalducameroun.com\/wp-content\/uploads\/2021\/08\/Les-deux-deniers-decrets.mp3\">https:\/\/www.journalducameroun.com\/wp-content\/uploads\/2021\/08\/Les-deux-deniers-decrets.mp3<\/a><\/audio><\/p>\n<p>\u00a0<\/p>\n<p>Cet article <a rel=\"nofollow\" href=\"https:\/\/www.journalducameroun.com\/cameroun-paul-biya-nomme-dans-les-universites-publiques-et-ratifie-deux-traites-de-cooperation-ce-20-aout-2021-cameroun\/\">Cameroun :  Paul Biya nomme dans les universit\u00e9s publiques et ratifie deux trait\u00e9s de coop\u00e9ration ce 20 ao\u00fbt 2021<\/a> est apparu en premier sur <a rel=\"nofollow\" href=\"https:\/\/www.journalducameroun.com\/\">Journal du Cameroun<\/a>.<\/p>\n<\/div>\n<p>Auteur: Christian DJIMADEU<br \/>\n<a href=\"https:\/\/www.journalducameroun.com\/cameroun-paul-biya-nomme-dans-les-universites-publiques-et-ratifie-deux-traites-de-cooperation-ce-20-aout-2021-cameroun\/\">Cliquez ici pour lire l&rsquo;article depuis sa source.<\/a><\/p>\n","protected":false},"excerpt":{"rendered":"<p>Ils ont \u00e9t\u00e9 tous lus au journal de 17 heures du poste national de la CRTV.\u00a0 Les deux premiers\u00a0 nomment de nouveaux responsables dans les Universit\u00e9s d\u2019Etat. Le troisi\u00e8me annonce la ratification de l\u2019accord de coop\u00e9ration avec le Conseil f\u00e9d\u00e9ral Suisse relatif \u00e0 la suppression r\u00e9ciproque de l\u2019obligation des visas pour les d\u00e9tenteurs des passeports [&hellip;]<\/p>\n","protected":false},"author":1965,"featured_media":0,"comment_status":"closed","ping_status":"closed","sticky":false,"template":"","format":"standard","meta":{"fifu_image_url":"","fifu_image_alt":"","footnotes":""},"categories":[73,82],"tags":[],"class_list":["post-124696","post","type-post","status-publish","format-standard","hentry","category-actualite","category-cameroun"],"_links":{"self":[{"href":"https:\/\/linitiative.ca\/International\/wp-json\/wp\/v2\/posts\/124696","targetHints":{"allow":["GET"]}}],"collection":[{"href":"https:\/\/linitiative.ca\/International\/wp-json\/wp\/v2\/posts"}],"about":[{"href":"https:\/\/linitiative.ca\/International\/wp-json\/wp\/v2\/types\/post"}],"author":[{"embeddable":true,"href":"https:\/\/linitiative.ca\/International\/wp-json\/wp\/v2\/users\/1965"}],"replies":[{"embeddable":true,"href":"https:\/\/linitiative.ca\/International\/wp-json\/wp\/v2\/comments?post=124696"}],"version-history":[{"count":0,"href":"https:\/\/linitiative.ca\/International\/wp-json\/wp\/v2\/posts\/124696\/revisions"}],"wp:attachment":[{"href":"https:\/\/linitiative.ca\/International\/wp-json\/wp\/v2\/media?parent=124696"}],"wp:term":[{"taxonomy":"category","embeddable":true,"href":"https:\/\/linitiative.ca\/International\/wp-json\/wp\/v2\/categories?post=124696"},{"taxonomy":"post_tag","embeddable":true,"href":"https:\/\/linitiative.ca\/International\/wp-json\/wp\/v2\/tags?post=124696"}],"curies":[{"name":"wp","href":"https:\/\/api.w.org\/{rel}","templated":true}]}}