{"id":124697,"date":"2021-08-20T15:18:01","date_gmt":"2021-08-20T19:18:01","guid":{"rendered":"https:\/\/linitiative.ca\/International\/mali-le-francais-des-casques-bleus-renforce\/"},"modified":"2021-08-20T15:18:01","modified_gmt":"2021-08-20T19:18:01","slug":"mali-le-francais-des-casques-bleus-renforce","status":"publish","type":"post","link":"https:\/\/linitiative.ca\/International\/mali-le-francais-des-casques-bleus-renforce\/","title":{"rendered":"Mali : le fran\u00e7ais des Casques bleus renforc\u00e9"},"content":{"rendered":"<div>\n<p><img loading=\"lazy\" decoding=\"async\" width=\"799\" height=\"533\" src=\"https:\/\/linitiative.ca\/International\/wp-content\/uploads\/sites\/23\/2021\/08\/16294870828468.jpg\" class=\"attachment-post-thumbnail size-post-thumbnail wp-post-image\" alt=\"\" srcset=\"https:\/\/linitiative.ca\/International\/wp-content\/uploads\/sites\/23\/2021\/08\/16294870828468.jpg 799w, https:\/\/www.journalducameroun.com\/wp-content\/uploads\/2021\/08\/16294870828468-300x200.jpg 300w, https:\/\/www.journalducameroun.com\/wp-content\/uploads\/2021\/08\/16294870828468-768x512.jpg 768w, https:\/\/www.journalducameroun.com\/wp-content\/uploads\/2021\/08\/16294870828468-660x440.jpg 660w, https:\/\/www.journalducameroun.com\/wp-content\/uploads\/2021\/08\/16294870828468-600x400.jpg 600w\" sizes=\"auto, (max-width: 799px) 100vw, 799px\"><\/p>\n<p>Un accord liant l&rsquo;Organisation Internationale de la Francophonie (OIF) \u00e0 la Mission multidimensionnelle int\u00e9gr\u00e9e des Nations Unies pour la stabilisation au Mali (Minusma) vise \u00e0 consolider le dispositif d&rsquo;enseignement du fran\u00e7ais.Sur le front, la communication est un param\u00e8tre non n\u00e9gligeable. Pour le personnel militaire de la Minusma, op\u00e9ration onusienne de maintien de la paix au Mali, la ma\u00eetrise de la langue fran\u00e7aise contribue, selon un communiqu\u00e9 re\u00e7u vendredi \u00e0 APA, \u00ab \u00e0 la performance des op\u00e9rations en facilitant l&rsquo;insertion au sein de la mission, l&rsquo;interop\u00e9rabilit\u00e9 entre les contingents, ainsi que les interactions avec les populations et autorit\u00e9s locales pour la r\u00e9alisation de t\u00e2ches de proximit\u00e9 et de consolidation de la paix \u00bb.<\/p>\n<p>Le projet, poursuit le document, b\u00e9n\u00e9ficie du soutien du minist\u00e8re fran\u00e7ais de l&rsquo;Europe et des Affaires \u00e9trang\u00e8res et de France \u00c9ducation international en qualit\u00e9 d&rsquo;op\u00e9rateur de mise en \u0153uvre pour l&rsquo;int\u00e9gration de la m\u00e9thode d&rsquo;enseignement du Fran\u00e7ais sur Objectifs Sp\u00e9cifiques (FOS) dans les cours de la Minusma.<\/p>\n<p>Le programme comporte trois principales composantes : la formation des enseignants de fran\u00e7ais de la Minusma \u00e0 la m\u00e9thodologie FOS, le soutien au d\u00e9veloppement d&rsquo;un cursus de cours de fran\u00e7ais sur mesure pour les militaires et l&rsquo;\u00e9laboration d&rsquo;outils d&rsquo;\u00e9valuation. \u00c0 terme, pr\u00e9cise le communiqu\u00e9, cette \u00ab action pilote pourrait \u00eatre \u00e9tendue au personnel de police et civil de la Minusma ou \u00eatre dupliqu\u00e9e dans d&rsquo;autres op\u00e9rations de maintien de la paix en environnement francophone \u00bb.<\/p>\n<p>Cet article <a rel=\"nofollow\" href=\"https:\/\/www.journalducameroun.com\/mali-le-francais-des-casques-bleus-renforce\/\">Mali : le fran\u00e7ais des Casques bleus renforc\u00e9<\/a> est apparu en premier sur <a rel=\"nofollow\" href=\"https:\/\/www.journalducameroun.com\/\">Journal du Cameroun<\/a>.<\/p>\n<\/div>\n<p>Auteur: APA News<br \/>\n<a href=\"https:\/\/www.journalducameroun.com\/mali-le-francais-des-casques-bleus-renforce\/\">Cliquez ici pour lire l&rsquo;article depuis sa source.<\/a><\/p>\n","protected":false},"excerpt":{"rendered":"<p>Un accord liant l&rsquo;Organisation Internationale de la Francophonie (OIF) \u00e0 la Mission multidimensionnelle int\u00e9gr\u00e9e des Nations Unies pour la stabilisation au Mali (Minusma) vise \u00e0 consolider le dispositif d&rsquo;enseignement du fran\u00e7ais.Sur le front, la communication est un param\u00e8tre non n\u00e9gligeable. Pour le personnel militaire de la Minusma, op\u00e9ration onusienne de maintien de la paix au [&hellip;]<\/p>\n","protected":false},"author":1965,"featured_media":0,"comment_status":"closed","ping_status":"closed","sticky":false,"template":"","format":"standard","meta":{"fifu_image_url":"https:\/\/www.journalducameroun.com\/wp-content\/uploads\/2021\/08\/16294870828468.jpg","fifu_image_alt":"Mali : le fran\u00e7ais des Casques bleus renforc\u00e9","footnotes":""},"categories":[73,82],"tags":[],"class_list":["post-124697","post","type-post","status-publish","format-standard","hentry","category-actualite","category-cameroun"],"_links":{"self":[{"href":"https:\/\/linitiative.ca\/International\/wp-json\/wp\/v2\/posts\/124697","targetHints":{"allow":["GET"]}}],"collection":[{"href":"https:\/\/linitiative.ca\/International\/wp-json\/wp\/v2\/posts"}],"about":[{"href":"https:\/\/linitiative.ca\/International\/wp-json\/wp\/v2\/types\/post"}],"author":[{"embeddable":true,"href":"https:\/\/linitiative.ca\/International\/wp-json\/wp\/v2\/users\/1965"}],"replies":[{"embeddable":true,"href":"https:\/\/linitiative.ca\/International\/wp-json\/wp\/v2\/comments?post=124697"}],"version-history":[{"count":0,"href":"https:\/\/linitiative.ca\/International\/wp-json\/wp\/v2\/posts\/124697\/revisions"}],"wp:attachment":[{"href":"https:\/\/linitiative.ca\/International\/wp-json\/wp\/v2\/media?parent=124697"}],"wp:term":[{"taxonomy":"category","embeddable":true,"href":"https:\/\/linitiative.ca\/International\/wp-json\/wp\/v2\/categories?post=124697"},{"taxonomy":"post_tag","embeddable":true,"href":"https:\/\/linitiative.ca\/International\/wp-json\/wp\/v2\/tags?post=124697"}],"curies":[{"name":"wp","href":"https:\/\/api.w.org\/{rel}","templated":true}]}}