{"id":124700,"date":"2021-08-20T17:18:02","date_gmt":"2021-08-20T21:18:02","guid":{"rendered":"https:\/\/linitiative.ca\/International\/cote-divoire-311-nouveaux-cas-et-7-deces-de-la-covid-19-vendredi\/"},"modified":"2021-08-20T17:18:02","modified_gmt":"2021-08-20T21:18:02","slug":"cote-divoire-311-nouveaux-cas-et-7-deces-de-la-covid-19-vendredi","status":"publish","type":"post","link":"https:\/\/linitiative.ca\/International\/cote-divoire-311-nouveaux-cas-et-7-deces-de-la-covid-19-vendredi\/","title":{"rendered":"C\u00f4te d\u2019Ivoire : 311 nouveaux cas et 7 d\u00e9c\u00e8s de la Covid-19, vendredi"},"content":{"rendered":"<div>\n<p><img loading=\"lazy\" decoding=\"async\" width=\"512\" height=\"341\" src=\"https:\/\/linitiative.ca\/International\/wp-content\/uploads\/sites\/23\/2021\/08\/16294942822781.jpg\" class=\"attachment-post-thumbnail size-post-thumbnail wp-post-image\" alt=\"\" srcset=\"https:\/\/linitiative.ca\/International\/wp-content\/uploads\/sites\/23\/2021\/08\/16294942822781.jpg 512w, https:\/\/www.journalducameroun.com\/wp-content\/uploads\/2021\/08\/16294942822781-300x200.jpg 300w\" sizes=\"auto, (max-width: 512px) 100vw, 512px\"><\/p>\n<p>Le minist\u00e8re ivoirien  de la Sant\u00e9, de l&rsquo;hygi\u00e8ne publique et de la couverture maladie universelle a enregistr\u00e9, vendredi, 311 nouveaux cas de Covid-19 sur 3 575 \u00e9chantillons pr\u00e9lev\u00e9s soit  8,7 % de cas positifs, 180 gu\u00e9ris et 7 d\u00e9c\u00e8s.<\/p>\n<p>A la date du 20 ao\u00fbt 2021, la C\u00f4te d&rsquo;Ivoire compte donc 53 247 cas confirm\u00e9s dont 51 998 personnes gu\u00e9ries, 380 d\u00e9c\u00e8s et 869 cas actifs, rapporte le minist\u00e8re dans un communiqu\u00e9, soulignant que le nombre total d&rsquo;\u00e9chantillons est de 855 738.<\/p>\n<p>Le 19 ao\u00fbt, 10 732 doses de vaccins contre la Covid-19 ont \u00e9t\u00e9 administr\u00e9es soit un total de 1 264 058 doses administr\u00e9es.<\/p>\n<p>\u00ab Le ministre de la Sant\u00e9, de l&rsquo;hygi\u00e8ne publique et de la couverture maladie universelle invite toutes les personnes de plus de 18 ans \u00e0 se faire vacciner dans les centres de vaccination. La vaccination contre la Covid-19 est gratuite et volontaire \u00bb, conclut le communiqu\u00e9.<\/p>\n<p>Cet article <a rel=\"nofollow\" href=\"https:\/\/www.journalducameroun.com\/cote-divoire-311-nouveaux-cas-et-7-deces-de-la-covid-19-vendredi\/\">C\u00f4te d\u2019Ivoire : 311 nouveaux cas et 7 d\u00e9c\u00e8s de la Covid-19, vendredi<\/a> est apparu en premier sur <a rel=\"nofollow\" href=\"https:\/\/www.journalducameroun.com\/\">Journal du Cameroun<\/a>.<\/p>\n<\/div>\n<p>Auteur: APA News<br \/>\n<a href=\"https:\/\/www.journalducameroun.com\/cote-divoire-311-nouveaux-cas-et-7-deces-de-la-covid-19-vendredi\/\">Cliquez ici pour lire l&rsquo;article depuis sa source.<\/a><\/p>\n","protected":false},"excerpt":{"rendered":"<p>Le minist\u00e8re ivoirien de la Sant\u00e9, de l&rsquo;hygi\u00e8ne publique et de la couverture maladie universelle a enregistr\u00e9, vendredi, 311 nouveaux cas de Covid-19 sur 3 575 \u00e9chantillons pr\u00e9lev\u00e9s soit 8,7 % de cas positifs, 180 gu\u00e9ris et 7 d\u00e9c\u00e8s. A la date du 20 ao\u00fbt 2021, la C\u00f4te d&rsquo;Ivoire compte donc 53 247 cas confirm\u00e9s [&hellip;]<\/p>\n","protected":false},"author":1965,"featured_media":0,"comment_status":"closed","ping_status":"closed","sticky":false,"template":"","format":"standard","meta":{"fifu_image_url":"https:\/\/www.journalducameroun.com\/wp-content\/uploads\/2021\/08\/16294942822781.jpg","fifu_image_alt":"C\u00f4te d\u2019Ivoire : 311 nouveaux cas et 7 d\u00e9c\u00e8s de la Covid-19, vendredi","footnotes":""},"categories":[73,82],"tags":[],"class_list":["post-124700","post","type-post","status-publish","format-standard","hentry","category-actualite","category-cameroun"],"_links":{"self":[{"href":"https:\/\/linitiative.ca\/International\/wp-json\/wp\/v2\/posts\/124700","targetHints":{"allow":["GET"]}}],"collection":[{"href":"https:\/\/linitiative.ca\/International\/wp-json\/wp\/v2\/posts"}],"about":[{"href":"https:\/\/linitiative.ca\/International\/wp-json\/wp\/v2\/types\/post"}],"author":[{"embeddable":true,"href":"https:\/\/linitiative.ca\/International\/wp-json\/wp\/v2\/users\/1965"}],"replies":[{"embeddable":true,"href":"https:\/\/linitiative.ca\/International\/wp-json\/wp\/v2\/comments?post=124700"}],"version-history":[{"count":0,"href":"https:\/\/linitiative.ca\/International\/wp-json\/wp\/v2\/posts\/124700\/revisions"}],"wp:attachment":[{"href":"https:\/\/linitiative.ca\/International\/wp-json\/wp\/v2\/media?parent=124700"}],"wp:term":[{"taxonomy":"category","embeddable":true,"href":"https:\/\/linitiative.ca\/International\/wp-json\/wp\/v2\/categories?post=124700"},{"taxonomy":"post_tag","embeddable":true,"href":"https:\/\/linitiative.ca\/International\/wp-json\/wp\/v2\/tags?post=124700"}],"curies":[{"name":"wp","href":"https:\/\/api.w.org\/{rel}","templated":true}]}}