{"id":124703,"date":"2021-08-20T07:14:49","date_gmt":"2021-08-20T11:14:49","guid":{"rendered":"https:\/\/linitiative.ca\/International\/affaire-avinash-ecomatin-alain-blaise-batongue-temoigne-son-soutien-a-ecomatin\/"},"modified":"2021-08-20T07:14:49","modified_gmt":"2021-08-20T11:14:49","slug":"affaire-avinash-ecomatin-alain-blaise-batongue-temoigne-son-soutien-a-ecomatin","status":"publish","type":"post","link":"https:\/\/linitiative.ca\/International\/affaire-avinash-ecomatin-alain-blaise-batongue-temoigne-son-soutien-a-ecomatin\/","title":{"rendered":"Affaire Avinash\/EcoMatin : Alain Blaise Batongue t\u00e9moigne son soutien \u00e0 EcoMatin"},"content":{"rendered":"<div>\n<p>Dans l\u2019apr\u00e8s-midi du 17 ao\u00fbt 2021, Alain Blaise Batongue, ancien Secr\u00e9taire G\u00e9n\u00e9ral du Groupement Inter-Patronal du Cameroun (Gicam), a effectu\u00e9 une visite au sein de la r\u00e9daction du journal sp\u00e9cialis\u00e9 sur les questions\u00a0\u00a0d\u2019Economie et de\u00a0\u00a0Finances, EcoMatin. Sa visite portait la signature d\u2019un soutien pour le journal <strong><a href=\"https:\/\/ecomatin.net\/tentative-dintimidation-comment-le-milliardaire-indien-avinash-hingorani-veut-museler-ecomatin\/\">dans\u00a0l\u2019affaire qui l\u2019oppose \u00e0\u00a0\u00a0l\u2019homme d\u2019affaires l\u2019Indien Avinash Hingorani<\/a><\/strong>\u00a0d\u2019une\u00a0\u00a0part, et d\u2019autre part, il a tenu \u00e0 se rassurer que la r\u00e9daction est sereine\u00a0\u00a0face \u00e0 ce contentieux. Dans la m\u00eame lanc\u00e9e, s\u2019assurer que les dispositifs d\u00e9ontologiques\u00a0\u00a0lors de la r\u00e9daction de l\u2019article ont \u00e9t\u00e9 respect\u00e9s. Il \u00e9t\u00e9 par ailleurs question pour l\u2019h\u00f4te de s\u2019enqu\u00e9rir si les proc\u00e9dures judiciaires sont tenues dans la l\u00e9galit\u00e9 r\u00e9publicaine. Du c\u00f4t\u00e9 de la r\u00e9daction, le Directeur de Publication n\u2019a pas manqu\u00e9 de souligner les m\u00e9canismes par lesquels\u00a0\u00a0les informations ont \u00e9t\u00e9 obtenues et le processus de recoupement effectu\u00e9 \u00e0 cet effet. Pour Emile Fidieck, le moral de la r\u00e9daction est au beau fixe.<\/p>\n<p>Lire aussi : <strong><a href=\"https:\/\/ecomatin.net\/tentative-dintimidation-comment-le-milliardaire-indien-avinash-hingorani-veut-museler-ecomatin\/\">Tentative d\u2019intimidation : comment le milliardaire indien Avinash Hingorani veut museler EcoMatin<\/a><\/strong><\/p>\n<p>En effet, \u00e0 la suite de l\u2019ouverture\u00a0<a href=\"https:\/\/ecomatin.net\/trafic-humainn-enquete-sur-lexploitation-dess-indienss-au-cameroun-1-3\/\"><strong>d\u2019une s\u00e9rie d\u2019enqu\u00eates sur les activit\u00e9s de l\u2019homme d\u2019affaires Indien<\/strong><\/a>\u00a0\u00e9tabli \u00e0 Mumbai et propri\u00e9taire des entreprises Reves Voyages et Sammy Cr\u00e9ation au Cameroun, le journal fait face depuis un moment\u00a0\u00a0\u00e0 une succession d\u2019attaques. Entre menaces, intimidations en passant par une proc\u00e9dure judiciaire, l\u2019indien\u00a0 ne recule devant rien. Le 17 ao\u00fbt dernier, le journal par le biais de son Directeur de Publication Emile Fidieck, a comparu au tribunal de premi\u00e8re instance de Yaound\u00e9 Centre Administratif. Une audience renvoy\u00e9e au 21 septembre 2021.<\/p>\n<p><strong>Lire aussi :<\/strong> <strong><a href=\"https:\/\/ecomatin.net\/medias-ecomatin-au-conseill-national-l-de-la-communication\/\">M\u00e9dias : EcoMatin au Conseil National de la Communication<\/a><\/strong><\/p>\n<p>Comme Blaise Batongue de nombreux m\u00e9dias ont nou\u00e9 une ceinture de solidarit\u00e9 autour du journal, on peut citer ici l\u2019hebdomadaire Kalara, le Panels Hebdo, Reporters sans fronti\u00e8res, le site d\u2019information Stopblabacam.<\/p>\n<p><strong>Lire aussi :<\/strong> <strong><a href=\"https:\/\/ecomatin.net\/communique-ecomatin-fait-lobjet-de-menaces-et-dintimidationss\/\">Communiqu\u00e9 : EcoMatin fait l\u2019objet de menaces et d\u2019intimidations<\/a><\/strong><\/p>\n<p>L\u2019article <a rel=\"nofollow\" href=\"https:\/\/ecomatin.net\/affaire-avinash-ecomatin-alain-blaise-batongue-temoigne-son-soutien-a-ecomatin\/\">Affaire Avinash\/EcoMatin : Alain Blaise Batongue t\u00e9moigne son soutien \u00e0 EcoMatin<\/a> est apparu en premier sur <a rel=\"nofollow\" href=\"https:\/\/ecomatin.net\/\">EcoMatin<\/a>.<\/p>\n<\/div>\n<p>Auteur: Amina MALLOUM<br \/>\n<a href=\"https:\/\/ecomatin.net\/affaire-avinash-ecomatin-alain-blaise-batongue-temoigne-son-soutien-a-ecomatin\/\">Cliquez ici pour lire l&rsquo;article depuis sa source.<\/a><\/p>\n","protected":false},"excerpt":{"rendered":"<p>Dans l\u2019apr\u00e8s-midi du 17 ao\u00fbt 2021, Alain Blaise Batongue, ancien Secr\u00e9taire G\u00e9n\u00e9ral du Groupement Inter-Patronal du Cameroun (Gicam), a effectu\u00e9 une visite au sein de la r\u00e9daction du journal sp\u00e9cialis\u00e9 sur les questions\u00a0\u00a0d\u2019Economie et de\u00a0\u00a0Finances, EcoMatin. Sa visite portait la signature d\u2019un soutien pour le journal dans\u00a0l\u2019affaire qui l\u2019oppose \u00e0\u00a0\u00a0l\u2019homme d\u2019affaires l\u2019Indien Avinash Hingorani\u00a0d\u2019une\u00a0\u00a0part, et [&hellip;]<\/p>\n","protected":false},"author":1969,"featured_media":0,"comment_status":"closed","ping_status":"closed","sticky":false,"template":"","format":"standard","meta":{"fifu_image_url":"","fifu_image_alt":"","footnotes":""},"categories":[82,78],"tags":[],"class_list":["post-124703","post","type-post","status-publish","format-standard","hentry","category-cameroun","category-economie"],"_links":{"self":[{"href":"https:\/\/linitiative.ca\/International\/wp-json\/wp\/v2\/posts\/124703","targetHints":{"allow":["GET"]}}],"collection":[{"href":"https:\/\/linitiative.ca\/International\/wp-json\/wp\/v2\/posts"}],"about":[{"href":"https:\/\/linitiative.ca\/International\/wp-json\/wp\/v2\/types\/post"}],"author":[{"embeddable":true,"href":"https:\/\/linitiative.ca\/International\/wp-json\/wp\/v2\/users\/1969"}],"replies":[{"embeddable":true,"href":"https:\/\/linitiative.ca\/International\/wp-json\/wp\/v2\/comments?post=124703"}],"version-history":[{"count":0,"href":"https:\/\/linitiative.ca\/International\/wp-json\/wp\/v2\/posts\/124703\/revisions"}],"wp:attachment":[{"href":"https:\/\/linitiative.ca\/International\/wp-json\/wp\/v2\/media?parent=124703"}],"wp:term":[{"taxonomy":"category","embeddable":true,"href":"https:\/\/linitiative.ca\/International\/wp-json\/wp\/v2\/categories?post=124703"},{"taxonomy":"post_tag","embeddable":true,"href":"https:\/\/linitiative.ca\/International\/wp-json\/wp\/v2\/tags?post=124703"}],"curies":[{"name":"wp","href":"https:\/\/api.w.org\/{rel}","templated":true}]}}