{"id":124704,"date":"2021-08-20T09:31:10","date_gmt":"2021-08-20T13:31:10","guid":{"rendered":"https:\/\/linitiative.ca\/International\/transport-aerien-la-compagnie-air-peace-simplante-au-cameroun\/"},"modified":"2021-08-20T09:31:10","modified_gmt":"2021-08-20T13:31:10","slug":"transport-aerien-la-compagnie-air-peace-simplante-au-cameroun","status":"publish","type":"post","link":"https:\/\/linitiative.ca\/International\/transport-aerien-la-compagnie-air-peace-simplante-au-cameroun\/","title":{"rendered":"Transport a\u00e9rien : la compagnie Air Peace s\u2019implante au Cameroun"},"content":{"rendered":"<div>\n<p>Apr\u00e8s Air S\u00e9n\u00e9gal, c\u2019est au tour de Air Peace de s\u2019introduire dans l\u2019espace a\u00e9rien camerounais. La compagnie a effectu\u00e9 le 19 ao\u00fbt 2021, son vol inaugural en direction de l\u2019a\u00e9roport international de Douala. \u00ab\u00a0Douala ! Aujourd\u2019hui, nous avons \u00e9tendu nos ailes au Cameroun, portant nos routes r\u00e9gionales \u00e0 6. Nous connectons plus de villes \u00e0 travers la c\u00f4te ouest conform\u00e9ment \u00e0 notre ambition sans ville laiss\u00e9e derri\u00e8re\u00a0\u00bb, peut-on lire sur la page Facebook de la compagnie.<\/p>\n<p><strong>Lire aussi<\/strong> : <strong><a href=\"https:\/\/ecomatin.net\/transport-aerien-lautorite-aeronautique-obtient-deux-certifications-iso-9001-2015\/\">Transport a\u00e9rien : l\u2019Autorit\u00e9 a\u00e9ronautique obtient deux certifications ISO 9001\/2015<\/a><\/strong><\/p>\n<p>Toujours selon l\u2019entreprise, cette d\u00e9cision de desservir le Cameroun s\u2019aligne dans la strat\u00e9gie de d\u00e9veloppement de son r\u00e9seau africain, en cours d\u2019impl\u00e9mentation. Pour se faire, le Cameroun \u00e0 travers la ville de Douala, sera d\u00e9sormais desservie par trois vols hebdomadaires, au d\u00e9part de Lagos et Port Harcourt, pr\u00e9cise Stanley Olisa, le porte-parole de la compagnie. Et l\u2019entreprise ne compte pas s\u2019arr\u00eater l\u00e0. \u00ab\u00a0\u00c0 mesure que nous prendrons livraison de nouveaux E195-E2, ainsi que d\u2019autres avions en cours de maintenance \u00e0 l\u2019\u00e9tranger, nous r\u00e9tablirons plus de lignes et ouvrirons plus de connexions\u00a0\u00bb, confie le porte-parole de la compagnie que dirige Allen Onyema.<\/p>\n<p><strong>Lire aussi<\/strong> : <strong><a href=\"https:\/\/ecomatin.net\/navigationn-aeriennee-une-missionn-de-lasecna-annoncee-au-cameroun\/\">Navigation a\u00e9rienne : une mission de l\u2019Asecna annonc\u00e9e au Cameroun<\/a><\/strong><\/p>\n<p>Notons que Air Peace est la premi\u00e8re compagnie \u00e0 utiliser les avions de type Embraer 195-E2. Cet appareil qu\u2019elle utilise depuis le mois de janvier 2021, lui offre la possibilit\u00e9 de desservir plus de 90% des capitales africaines, ainsi qu\u2019une partie de l\u2019Europe et du Moyen-Orient. Par ailleurs Air Peace exploite une flotte constitu\u00e9 d\u2019une vingtaine d\u2019avions dont huit ERJ145.<\/p>\n<p>Cette nouvelle compagnie vient ainsi diversifier l\u2019offre en transport a\u00e9rien. Selon\u00a0l\u2019Autorit\u00e9 a\u00e9ronautique du Cameroun (Ccaa), \u00ab\u00a0Bulletin statistique 2019-2020\u00a0\u00bb,\u00a0avant l\u2019arriv\u00e9e de la Covid-19, le ciel camerounais \u00e9tait domin\u00e9 par les compagnies Air France, Ethiopian Airlines et Royal Air Maroc.<\/p>\n<p>L\u2019article <a rel=\"nofollow\" href=\"https:\/\/ecomatin.net\/transport-aerien-la-compagnie-air-peace-simplante-au-cameroun\/\">Transport a\u00e9rien : la compagnie Air Peace s\u2019implante au Cameroun<\/a> est apparu en premier sur <a rel=\"nofollow\" href=\"https:\/\/ecomatin.net\/\">EcoMatin<\/a>.<\/p>\n<\/div>\n<p>Auteur: Cindy MBALA<br \/>\n<a href=\"https:\/\/ecomatin.net\/transport-aerien-la-compagnie-air-peace-simplante-au-cameroun\/\">Cliquez ici pour lire l&rsquo;article depuis sa source.<\/a><\/p>\n","protected":false},"excerpt":{"rendered":"<p>Apr\u00e8s Air S\u00e9n\u00e9gal, c\u2019est au tour de Air Peace de s\u2019introduire dans l\u2019espace a\u00e9rien camerounais. La compagnie a effectu\u00e9 le 19 ao\u00fbt 2021, son vol inaugural en direction de l\u2019a\u00e9roport international de Douala. \u00ab\u00a0Douala ! Aujourd\u2019hui, nous avons \u00e9tendu nos ailes au Cameroun, portant nos routes r\u00e9gionales \u00e0 6. Nous connectons plus de villes \u00e0 [&hellip;]<\/p>\n","protected":false},"author":1969,"featured_media":0,"comment_status":"closed","ping_status":"closed","sticky":false,"template":"","format":"standard","meta":{"fifu_image_url":"","fifu_image_alt":"","footnotes":""},"categories":[82,78],"tags":[],"class_list":["post-124704","post","type-post","status-publish","format-standard","hentry","category-cameroun","category-economie"],"_links":{"self":[{"href":"https:\/\/linitiative.ca\/International\/wp-json\/wp\/v2\/posts\/124704","targetHints":{"allow":["GET"]}}],"collection":[{"href":"https:\/\/linitiative.ca\/International\/wp-json\/wp\/v2\/posts"}],"about":[{"href":"https:\/\/linitiative.ca\/International\/wp-json\/wp\/v2\/types\/post"}],"author":[{"embeddable":true,"href":"https:\/\/linitiative.ca\/International\/wp-json\/wp\/v2\/users\/1969"}],"replies":[{"embeddable":true,"href":"https:\/\/linitiative.ca\/International\/wp-json\/wp\/v2\/comments?post=124704"}],"version-history":[{"count":0,"href":"https:\/\/linitiative.ca\/International\/wp-json\/wp\/v2\/posts\/124704\/revisions"}],"wp:attachment":[{"href":"https:\/\/linitiative.ca\/International\/wp-json\/wp\/v2\/media?parent=124704"}],"wp:term":[{"taxonomy":"category","embeddable":true,"href":"https:\/\/linitiative.ca\/International\/wp-json\/wp\/v2\/categories?post=124704"},{"taxonomy":"post_tag","embeddable":true,"href":"https:\/\/linitiative.ca\/International\/wp-json\/wp\/v2\/tags?post=124704"}],"curies":[{"name":"wp","href":"https:\/\/api.w.org\/{rel}","templated":true}]}}