{"id":124707,"date":"2021-08-21T10:00:59","date_gmt":"2021-08-21T14:00:59","guid":{"rendered":"https:\/\/linitiative.ca\/International\/anas-el-arras-on-travaille-avec-des-entites-marocaines-pour-creer-une-nouvelle-dynamique-de-collaboration\/"},"modified":"2021-08-21T10:00:59","modified_gmt":"2021-08-21T14:00:59","slug":"anas-el-arras-on-travaille-avec-des-entites-marocaines-pour-creer-une-nouvelle-dynamique-de-collaboration","status":"publish","type":"post","link":"https:\/\/linitiative.ca\/International\/anas-el-arras-on-travaille-avec-des-entites-marocaines-pour-creer-une-nouvelle-dynamique-de-collaboration\/","title":{"rendered":"Anas El Arras : \u00abOn travaille avec des entit\u00e9s marocaines pour cr\u00e9er une nouvelle dynamique de collaboration\u00bb"},"content":{"rendered":"<div>\n<p><img decoding=\"async\" width=\"300\" height=\"153\" src=\"https:\/\/linitiative.ca\/International\/wp-content\/uploads\/sites\/23\/2021\/08\/Anas-El-Arras-300x153-1.jpg\" class=\"attachment-medium size-medium wp-post-image\" alt=\"\" loading=\"lazy\" srcset=\"\/\/aujourdhui.ma\/wp-content\/uploads\/2021\/08\/Anas-El-Arras-300x153.jpg 300w, \/\/aujourdhui.ma\/wp-content\/uploads\/2021\/08\/Anas-El-Arras-274x140.jpg 274w, \/\/aujourdhui.ma\/wp-content\/uploads\/2021\/08\/Anas-El-Arras.jpg 746w, \/\/aujourdhui.ma\/wp-content\/uploads\/2021\/08\/Anas-El-Arras-165x84.jpg 165w, \/\/aujourdhui.ma\/wp-content\/uploads\/2021\/08\/Anas-El-Arras-702x358.jpg 702w\" sizes=\"auto, (max-width: 300px) 100vw, 300px\"><\/p>\n<p><span style=\"color: #800000;\"><strong>Entretien avec Anas El Arras, directeur g\u00e9n\u00e9ral de Algarve Tech Hub<\/strong><\/span><span id=\"more-384609\"><\/span><\/p>\n<div class=\"base-box mom_box_sc_custom mom_box_sc clear\" style=\"-moz-border-radius: 5px; border-radius: 5px;background-color:#fddeef;\">\n<p>Fra\u00eechement nomm\u00e9 en tant que directeur g\u00e9n\u00e9ral de l\u2019entit\u00e9 portugaise Algarve Tech Hub, Anas El Arras fait partie des jeunes profils marocains ayant perc\u00e9 sous des cieux internationaux.<br \/>\nA l\u2019\u00e2ge de 35 ans,<br \/>\nM. El Arras compte \u00e0 son actif un parcours hors-normes, couronn\u00e9 par une d\u00e9coration royale en 2014. Dans cet entretien, Anas El Arras se livre \u00e0 ALM par rapport \u00e0 ses nouvelles fonctions et partage ses ambitions de tisser des liens fructueux entre le Maroc, sa m\u00e8re patrie, et le Portugal, son pays d\u2019accueil.<\/p>\n<\/div>\n<p><strong><span style=\"color: #ff0000;\">ALM<\/span> : Pr\u00e9sentez-nous en bref votre parcours professionnel\u2026<\/strong><\/p>\n<p><span style=\"color: #ff0000;\"><strong>Anas El Arras<\/strong><\/span> : Laur\u00e9at et major de la trente-cinqui\u00e8me promotion de l\u2019Ecole royale de l\u2019air, ma carri\u00e8re a d\u00e9but\u00e9 en tant qu\u2019officier pilote dans les rangs de l\u2019Arm\u00e9e de l\u2019air. Plus tard, j\u2019ai travaill\u00e9 dans le domaine de la recherche a\u00e9ronautique en Cor\u00e9e du Sud, avant d\u2019entamer une carri\u00e8re dans le monde des m\u00e9gaprojets industriels entre le Japon, le Qatar, l\u2019Indon\u00e9sie et le Canada, pour \u00eatre ensuite nomm\u00e9 en 2015 pr\u00e9sident-directeur g\u00e9n\u00e9ral d\u2019une multinationale allemande pour piloter ses projets au Moyen-Orient. Depuis 2018, je me suis tourn\u00e9 vers le monde des affaires et des investissements, en cr\u00e9ant une plate-forme de conseil novatrice : GrowIN Portugal, qui aide \u00e0 faciliter et \u00e0 accompagner les investisseurs \u00e9trangers souhaitant s\u2019installer au Portugal.<\/p>\n<p><strong>Vous occupez actuellement le poste de directeur g\u00e9n\u00e9ral de Algarve Tech Hub. Que repr\u00e9sente pour vous cette nomination ?<\/strong><br \/>\nJe suis extr\u00eamement honor\u00e9 et reconnaissant pour ce nouveau r\u00f4le, mais surtout pour la confiance et le soutien de toutes les parties prenantes impliqu\u00e9es. \u00c0 mes yeux, l\u2019Algarve a tout ce qu\u2019il faut pour devenir l\u2019un des principaux \u00e9cosyst\u00e8mes d\u2019innovation au monde. Je m\u2019engage \u00e0 mettre \u00e0 profit mes connaissances et mon r\u00e9seau de contacts pour r\u00e9aliser notre vision commune.<\/p>\n<p><strong>De par ce poste, comptez-vous cr\u00e9er des synergies entre Algarve Tech Hub et les entreprises marocaines ? Sur quel volet porteront-elles ?<\/strong><br \/>\nCela fait plusieurs mois qu\u2019on travaille avec plusieurs entit\u00e9s au Maroc pour justement cr\u00e9er une nouvelle dynamique de collaboration et d\u2019\u00e9change entre les deux pays. Il y a deux mois, GrowIN Portugal et l\u2019Agence de d\u00e9veloppement du digital (ADD) ont lanc\u00e9 une initiative pour soutenir l\u2019internationalisation des startups marocaines et portugaises en signant un accord strat\u00e9gique. Ce partenariat favorise la promotion de la coop\u00e9ration entre les deux organisations, en mettant l\u2019accent sur le soutien \u00e0 l\u2019expansion des startups dans leurs \u00e9cosyst\u00e8mes respectifs. De plus, on travaille de pr\u00e8s avec le Conseil d\u2019Affaires Maroc\/Portugal de la CGEM, le patronat marocain, dont je suis le repr\u00e9sentant au Portugal, pour mettre en place de nouvelles perspectives de collaboration entre les entreprises des deux pays. Actuellement, il y a aussi une dynamique tr\u00e8s int\u00e9ressante qui s\u2019inscrit aussi dans le cadre des entrepreneurs et hauts potentiels marocains au Portugal qui font partie de la 13\u00e8me r\u00e9gion du Maroc et dont je suis le repr\u00e9sentant au Portugal. L\u2019ambassade du Royaume du Maroc au Portugal joue un r\u00f4le tr\u00e8s important dans ces dynamiques.<\/p>\n<p><strong>Quel regard portez-vous sur le d\u00e9veloppement du monde des affaires au Maroc et quelles sont vos ambitions dans ce sens?<\/strong><br \/>\nLe Maroc se d\u00e9veloppe \u00e0 une cadence tr\u00e8s int\u00e9ressante et est devenu la plateforme de r\u00e9f\u00e9rence pour plusieurs industries ainsi que pour tout intervenant ayant l\u2019ambition de se positionner sur d\u2019autres march\u00e9s dans le continent africain. Le monde des affaires au Maroc est \u00e0 tr\u00e8s fort potentiel et je compte personnellement y contribuer davantage en collaborant avec l\u2019ADD et en contribuant aux efforts du Groupe d\u2019impulsion \u00e9conomique Maroc-Portugal.<\/p>\n<\/div>\n<p>Auteur: ALM<br \/>\n<a href=\"https:\/\/aujourdhui.ma\/economie\/anas-el-arras-on-travaille-avec-des-entites-marocaines-pour-creer-une-nouvelle-dynamique-de-collaboration\">Cliquez ici pour lire l&rsquo;article depuis sa source.<\/a><\/p>\n","protected":false},"excerpt":{"rendered":"<p>Entretien avec Anas El Arras, directeur g\u00e9n\u00e9ral de Algarve Tech Hub Fra\u00eechement nomm\u00e9 en tant que directeur g\u00e9n\u00e9ral de l\u2019entit\u00e9 portugaise Algarve Tech Hub, Anas El Arras fait partie des jeunes profils marocains ayant perc\u00e9 sous des cieux internationaux. A l\u2019\u00e2ge de 35 ans, M. El Arras compte \u00e0 son actif un parcours hors-normes, couronn\u00e9 [&hellip;]<\/p>\n","protected":false},"author":1759,"featured_media":0,"comment_status":"closed","ping_status":"closed","sticky":false,"template":"","format":"standard","meta":{"fifu_image_url":"https:\/\/aujourdhui.ma\/wp-content\/uploads\/2021\/08\/Anas-El-Arras-300x153.jpg","fifu_image_alt":"Anas El Arras : \u00abOn travaille avec des entit\u00e9s marocaines pour cr\u00e9er une nouvelle dynamique de collaboration\u00bb","footnotes":""},"categories":[73,54],"tags":[],"class_list":["post-124707","post","type-post","status-publish","format-standard","hentry","category-actualite","category-maroc"],"_links":{"self":[{"href":"https:\/\/linitiative.ca\/International\/wp-json\/wp\/v2\/posts\/124707","targetHints":{"allow":["GET"]}}],"collection":[{"href":"https:\/\/linitiative.ca\/International\/wp-json\/wp\/v2\/posts"}],"about":[{"href":"https:\/\/linitiative.ca\/International\/wp-json\/wp\/v2\/types\/post"}],"author":[{"embeddable":true,"href":"https:\/\/linitiative.ca\/International\/wp-json\/wp\/v2\/users\/1759"}],"replies":[{"embeddable":true,"href":"https:\/\/linitiative.ca\/International\/wp-json\/wp\/v2\/comments?post=124707"}],"version-history":[{"count":0,"href":"https:\/\/linitiative.ca\/International\/wp-json\/wp\/v2\/posts\/124707\/revisions"}],"wp:attachment":[{"href":"https:\/\/linitiative.ca\/International\/wp-json\/wp\/v2\/media?parent=124707"}],"wp:term":[{"taxonomy":"category","embeddable":true,"href":"https:\/\/linitiative.ca\/International\/wp-json\/wp\/v2\/categories?post=124707"},{"taxonomy":"post_tag","embeddable":true,"href":"https:\/\/linitiative.ca\/International\/wp-json\/wp\/v2\/tags?post=124707"}],"curies":[{"name":"wp","href":"https:\/\/api.w.org\/{rel}","templated":true}]}}