{"id":124709,"date":"2021-08-21T10:07:29","date_gmt":"2021-08-21T14:07:29","guid":{"rendered":"https:\/\/linitiative.ca\/International\/reprise-des-relations-pedro-sanchez-exprime-sa-gratitude-a-sm-mohammed-vi\/"},"modified":"2021-08-21T10:07:29","modified_gmt":"2021-08-21T14:07:29","slug":"reprise-des-relations-pedro-sanchez-exprime-sa-gratitude-a-sm-mohammed-vi","status":"publish","type":"post","link":"https:\/\/linitiative.ca\/International\/reprise-des-relations-pedro-sanchez-exprime-sa-gratitude-a-sm-mohammed-vi\/","title":{"rendered":"Reprise des relations: Pedro S\u00e1nchez exprime sa gratitude \u00e0\u00a0 SM Mohammed VI"},"content":{"rendered":"<div>\n<p><img decoding=\"async\" width=\"300\" height=\"153\" src=\"https:\/\/linitiative.ca\/International\/wp-content\/uploads\/sites\/23\/2021\/08\/Sm-Le-Roi-Mohammed-VI-Disscours-Royal-300x153-1.jpg\" class=\"attachment-medium size-medium wp-post-image\" alt=\"\" loading=\"lazy\" srcset=\"\/\/aujourdhui.ma\/wp-content\/uploads\/2021\/08\/Sm-Le-Roi-Mohammed-VI-Disscours-Royal--300x153.jpg 300w, \/\/aujourdhui.ma\/wp-content\/uploads\/2021\/08\/Sm-Le-Roi-Mohammed-VI-Disscours-Royal--274x140.jpg 274w, \/\/aujourdhui.ma\/wp-content\/uploads\/2021\/08\/Sm-Le-Roi-Mohammed-VI-Disscours-Royal-.jpg 746w, \/\/aujourdhui.ma\/wp-content\/uploads\/2021\/08\/Sm-Le-Roi-Mohammed-VI-Disscours-Royal--165x84.jpg 165w, \/\/aujourdhui.ma\/wp-content\/uploads\/2021\/08\/Sm-Le-Roi-Mohammed-VI-Disscours-Royal--702x358.jpg 702w\" sizes=\"auto, (max-width: 300px) 100vw, 300px\"><\/p>\n<p><span style=\"color: #800000; font-size: 18px;\"><strong>Premi\u00e8re r\u00e9action officielle espagnole au discours Royal.<\/strong><\/span><span id=\"more-384750\"><\/span><\/p>\n<p>En effet, l\u2019agence Europa presse rapporte que le pr\u00e9sident du gouvernement, Pedro S\u00e1nchez, a remerci\u00e9 SM le Roi Mohamed VI pour les propos de ce vendredi dans lesquels il a fait part de son intention d\u2019inaugurer une \u00ab\u00a0nouvelle \u00e9tape\u00a0\u00bb dans les relations avec l\u2019Espagne et a rappel\u00e9 que l\u2019ex\u00e9cutif \u00ab\u00a0a toujours consid\u00e9r\u00e9 le Maroc comme un pays alli\u00e9 strat\u00e9gique, tant pour l\u2019Espagne que pour l\u2019Union europ\u00e9enne (UE)\u00a0\u00bb.<\/p>\n<p>S\u00e1nchez a exprim\u00e9 sa gratitude \u00e0 SM le Roi, lors d\u2019une visite au centre d\u2019accueil pour d\u00e9plac\u00e9s afghans de la base a\u00e9rienne de Torrej\u00f3n de Ardoz (Madrid) en compagnie du pr\u00e9sident du Conseil europ\u00e9en, Charles Michel, et de la pr\u00e9sidente de la Commission europ\u00e9enne, Ursula Von der Leyen.<\/p>\n<p>\u00ab\u00a0Nous sommes des alli\u00e9s, des voisins et des fr\u00e8res, et par cons\u00e9quent, nous nous f\u00e9licitons de ces mots car, bas\u00e9s sur la confiance, le respect et la collaboration pr\u00e9sente et future, nous pouvons construire une relation sur des bases beaucoup plus solides que celles que nous avons eues jusqu\u2019\u00e0 pr\u00e9sent\u00a0\u00bb, a-t-il d\u00e9clar\u00e9. Les propos de S\u00e1nchez sont venus en r\u00e9action au discours \u00e0 la nation prononc\u00e9 ce vendredi par le Souverain, dans lequel il a indiqu\u00e9 qu\u2019il esp\u00e8re continuer \u00e0 \u00ab\u00a0travailler\u00a0\u00bb avec le gouvernement espagnol apr\u00e8s la \u00ab\u00a0crise sans pr\u00e9c\u00e9dent\u00a0\u00bb qui a marqu\u00e9e les relations bilat\u00e9rales ces derniers mois.<\/p>\n<p>\u00ab\u00a0Des opportunit\u00e9s d\u00e9coulent \u00e9galement de chaque crise, et je pense que c\u2019est une excellente occasion de red\u00e9finir ces relations, les piliers sur lesquels elles reposent\u00a0\u00bb, a assur\u00e9 S\u00e1nchez.<\/p>\n<\/div>\n<p>Auteur: ALM<br \/>\n<a href=\"https:\/\/aujourdhui.ma\/politique\/reprise-des-relations-pedro-sanchez-exprime-sa-gratitude-a-sm-mohammed-vi\">Cliquez ici pour lire l&rsquo;article depuis sa source.<\/a><\/p>\n","protected":false},"excerpt":{"rendered":"<p>Premi\u00e8re r\u00e9action officielle espagnole au discours Royal. En effet, l\u2019agence Europa presse rapporte que le pr\u00e9sident du gouvernement, Pedro S\u00e1nchez, a remerci\u00e9 SM le Roi Mohamed VI pour les propos de ce vendredi dans lesquels il a fait part de son intention d\u2019inaugurer une \u00ab\u00a0nouvelle \u00e9tape\u00a0\u00bb dans les relations avec l\u2019Espagne et a rappel\u00e9 que [&hellip;]<\/p>\n","protected":false},"author":1759,"featured_media":0,"comment_status":"closed","ping_status":"closed","sticky":false,"template":"","format":"standard","meta":{"fifu_image_url":"https:\/\/aujourdhui.ma\/wp-content\/uploads\/2021\/08\/Sm-Le-Roi-Mohammed-VI-Disscours-Royal--300x153.jpg","fifu_image_alt":"Reprise des relations: Pedro S\u00e1nchez exprime sa gratitude \u00e0\u00a0 SM Mohammed VI","footnotes":""},"categories":[73,54],"tags":[],"class_list":["post-124709","post","type-post","status-publish","format-standard","hentry","category-actualite","category-maroc"],"_links":{"self":[{"href":"https:\/\/linitiative.ca\/International\/wp-json\/wp\/v2\/posts\/124709","targetHints":{"allow":["GET"]}}],"collection":[{"href":"https:\/\/linitiative.ca\/International\/wp-json\/wp\/v2\/posts"}],"about":[{"href":"https:\/\/linitiative.ca\/International\/wp-json\/wp\/v2\/types\/post"}],"author":[{"embeddable":true,"href":"https:\/\/linitiative.ca\/International\/wp-json\/wp\/v2\/users\/1759"}],"replies":[{"embeddable":true,"href":"https:\/\/linitiative.ca\/International\/wp-json\/wp\/v2\/comments?post=124709"}],"version-history":[{"count":0,"href":"https:\/\/linitiative.ca\/International\/wp-json\/wp\/v2\/posts\/124709\/revisions"}],"wp:attachment":[{"href":"https:\/\/linitiative.ca\/International\/wp-json\/wp\/v2\/media?parent=124709"}],"wp:term":[{"taxonomy":"category","embeddable":true,"href":"https:\/\/linitiative.ca\/International\/wp-json\/wp\/v2\/categories?post=124709"},{"taxonomy":"post_tag","embeddable":true,"href":"https:\/\/linitiative.ca\/International\/wp-json\/wp\/v2\/tags?post=124709"}],"curies":[{"name":"wp","href":"https:\/\/api.w.org\/{rel}","templated":true}]}}