{"id":124711,"date":"2021-08-21T10:30:21","date_gmt":"2021-08-21T14:30:21","guid":{"rendered":"https:\/\/linitiative.ca\/International\/marrakech-un-faux-medecin-camerounais-epingle\/"},"modified":"2021-08-21T10:30:21","modified_gmt":"2021-08-21T14:30:21","slug":"marrakech-un-faux-medecin-camerounais-epingle","status":"publish","type":"post","link":"https:\/\/linitiative.ca\/International\/marrakech-un-faux-medecin-camerounais-epingle\/","title":{"rendered":"Marrakech : Un faux m\u00e9decin camerounais \u00e9pingl\u00e9"},"content":{"rendered":"<div>\n<p><img decoding=\"async\" width=\"300\" height=\"153\" src=\"https:\/\/linitiative.ca\/International\/wp-content\/uploads\/sites\/23\/2021\/08\/medecin-conseil-300x153-1.jpg\" class=\"attachment-medium size-medium wp-post-image\" alt=\"\" loading=\"lazy\" srcset=\"\/\/aujourdhui.ma\/wp-content\/uploads\/2019\/04\/medecin-conseil-300x153.jpg 300w, \/\/aujourdhui.ma\/wp-content\/uploads\/2019\/04\/medecin-conseil.jpg 746w\" sizes=\"auto, (max-width: 300px) 100vw, 300px\"><\/p>\n<p><span style=\"color: #800000;\"><strong>Au centre hospitalier Mohammed VI, \u00e0 Marrakech, un ressortissant camerounais qui se faisait passer pour un m\u00e9decin a \u00e9t\u00e9 arr\u00eat\u00e9.<\/strong><\/span><span id=\"more-384632\"><\/span><\/p>\n<p>Les comportements de ce dernier paraissent suspects au policier qui assurait la permanence au sein de l\u2019h\u00f4pital. Il engage amicalement avec lui une longue conversation au fil de laquelle le policier lui pose des questions. Ses r\u00e9ponses ne le convainquent pas, au contraire elles renforcent ses doutes. Il d\u00e9cide d\u2019alerter les \u00e9l\u00e9ments de la police du 7\u00e8me arrondissement qui le mettent entre les mains de leurs coll\u00e8gues du service pr\u00e9fectoral de la s\u00fbret\u00e9 de la cit\u00e9 ocre. Soumis \u00e0 des interrogatoires serr\u00e9s, ce ressortissant camerounais avoue \u00eatre un faux m\u00e9decin qui pr\u00e9sentait ses services aux familles de patients contre des sommes d\u2019argent. L\u2019enqu\u00eate a r\u00e9v\u00e9l\u00e9 qu\u2019il a d\u00e9j\u00e0 purg\u00e9 une peine d\u2019emprisonnement ferme pour le m\u00eame motif.<\/p>\n<\/div>\n<p>Auteur: Abderrafii ALOUMLIKI<br \/>\n<a href=\"https:\/\/aujourdhui.ma\/faits-divers\/marrakech-un-faux-medecin-camerounais-epingle\">Cliquez ici pour lire l&rsquo;article depuis sa source.<\/a><\/p>\n","protected":false},"excerpt":{"rendered":"<p>Au centre hospitalier Mohammed VI, \u00e0 Marrakech, un ressortissant camerounais qui se faisait passer pour un m\u00e9decin a \u00e9t\u00e9 arr\u00eat\u00e9. Les comportements de ce dernier paraissent suspects au policier qui assurait la permanence au sein de l\u2019h\u00f4pital. Il engage amicalement avec lui une longue conversation au fil de laquelle le policier lui pose des questions. [&hellip;]<\/p>\n","protected":false},"author":1759,"featured_media":0,"comment_status":"closed","ping_status":"closed","sticky":false,"template":"","format":"standard","meta":{"fifu_image_url":"https:\/\/aujourdhui.ma\/wp-content\/uploads\/2019\/04\/medecin-conseil-300x153.jpg","fifu_image_alt":"Marrakech : Un faux m\u00e9decin camerounais \u00e9pingl\u00e9","footnotes":""},"categories":[73,54],"tags":[],"class_list":["post-124711","post","type-post","status-publish","format-standard","hentry","category-actualite","category-maroc"],"_links":{"self":[{"href":"https:\/\/linitiative.ca\/International\/wp-json\/wp\/v2\/posts\/124711","targetHints":{"allow":["GET"]}}],"collection":[{"href":"https:\/\/linitiative.ca\/International\/wp-json\/wp\/v2\/posts"}],"about":[{"href":"https:\/\/linitiative.ca\/International\/wp-json\/wp\/v2\/types\/post"}],"author":[{"embeddable":true,"href":"https:\/\/linitiative.ca\/International\/wp-json\/wp\/v2\/users\/1759"}],"replies":[{"embeddable":true,"href":"https:\/\/linitiative.ca\/International\/wp-json\/wp\/v2\/comments?post=124711"}],"version-history":[{"count":0,"href":"https:\/\/linitiative.ca\/International\/wp-json\/wp\/v2\/posts\/124711\/revisions"}],"wp:attachment":[{"href":"https:\/\/linitiative.ca\/International\/wp-json\/wp\/v2\/media?parent=124711"}],"wp:term":[{"taxonomy":"category","embeddable":true,"href":"https:\/\/linitiative.ca\/International\/wp-json\/wp\/v2\/categories?post=124711"},{"taxonomy":"post_tag","embeddable":true,"href":"https:\/\/linitiative.ca\/International\/wp-json\/wp\/v2\/tags?post=124711"}],"curies":[{"name":"wp","href":"https:\/\/api.w.org\/{rel}","templated":true}]}}