{"id":124715,"date":"2021-08-21T11:30:47","date_gmt":"2021-08-21T15:30:47","guid":{"rendered":"https:\/\/linitiative.ca\/International\/province-de-berkane-generation-green-entend-doubler-le-pib-agricole-pour-atteindre-45-mmdh-en-2030\/"},"modified":"2021-08-21T11:30:47","modified_gmt":"2021-08-21T15:30:47","slug":"province-de-berkane-generation-green-entend-doubler-le-pib-agricole-pour-atteindre-45-mmdh-en-2030","status":"publish","type":"post","link":"https:\/\/linitiative.ca\/International\/province-de-berkane-generation-green-entend-doubler-le-pib-agricole-pour-atteindre-45-mmdh-en-2030\/","title":{"rendered":"Province de Berkane  : \u00abG\u00e9n\u00e9ration Green\u00bb entend doubler le PIB agricole pour atteindre 4,5 MMDH en 2030"},"content":{"rendered":"<div>\n<p><img decoding=\"async\" width=\"300\" height=\"153\" src=\"https:\/\/linitiative.ca\/International\/wp-content\/uploads\/sites\/23\/2021\/08\/province_de_berkane_ph_ysa_-300x153-1.jpg\" class=\"attachment-medium size-medium wp-post-image\" alt=\"\" loading=\"lazy\" srcset=\"\/\/aujourdhui.ma\/wp-content\/uploads\/2021\/08\/province_de_berkane_ph_ysa_-300x153.jpg 300w, \/\/aujourdhui.ma\/wp-content\/uploads\/2021\/08\/province_de_berkane_ph_ysa_-274x140.jpg 274w, \/\/aujourdhui.ma\/wp-content\/uploads\/2021\/08\/province_de_berkane_ph_ysa_.jpg 746w, \/\/aujourdhui.ma\/wp-content\/uploads\/2021\/08\/province_de_berkane_ph_ysa_-165x84.jpg 165w, \/\/aujourdhui.ma\/wp-content\/uploads\/2021\/08\/province_de_berkane_ph_ysa_-702x358.jpg 702w\" sizes=\"auto, (max-width: 300px) 100vw, 300px\"><\/p>\n<p><span style=\"color: #800000;\"><strong>Le plan agricole provincial de Berkane, \u00e9labor\u00e9 dans le cadre de la strat\u00e9gie \u00abG\u00e9n\u00e9ration Green\u00bb vise parmi ses principaux objectifs \u00e0 porter le PIB agricole \u00e0 4,5 milliards de dirhams (MMDH) en 2030 contre 2 MMDH actuellement.<\/strong><\/span><span id=\"more-384613\"><\/span><\/p>\n<p>Des donn\u00e9es de la Direction r\u00e9gionale de l\u2019Agriculture de l\u2019Oriental font ressortir que le nouveau plan agricole provincial entend aussi cr\u00e9er deux millions de journ\u00e9es de travail suppl\u00e9mentaires et augmenter la superficie d\u00e9di\u00e9e \u00e0 l\u2019agriculture biologique pour atteindre 400 hectares, sachant que 63 pc de la production agricole sera valoris\u00e9e \u00e0 l\u2019horizon 2030. Des efforts seront aussi d\u00e9ploy\u00e9s pour faire \u00e9merger une nouvelle g\u00e9n\u00e9ration de classe moyenne agricole. Dans ce sens, le nouveau Plan agricole provincial qui donne la priorit\u00e9 \u00e0 l\u2019\u00e9l\u00e9ment humain, pr\u00e9voit l\u2019acc\u00e8s de 7.937 familles \u00e0 la classe moyenne agricole d\u2019ici 2030 (3.210 famille en 2019).<br \/>\nEn outre, l\u2019assurance agricole sera \u00e9largie pour couvrir 23.220 hectares et la protection sociale sera g\u00e9n\u00e9ralis\u00e9e \u00e0 l\u2019ensemble des agriculteurs et ouvriers (+50.000).<\/p>\n<p>Quant \u00e0 l\u2019essor d\u2019une nouvelle g\u00e9n\u00e9ration de jeunes entrepreneurs, la nouvelle feuille de route pr\u00e9voit la cr\u00e9ation de 240 coop\u00e9ratives et entreprises de service au profit de 1.670 b\u00e9n\u00e9ficiaires parmi les jeunes pour un investissement estim\u00e9 \u00e0 165 millions de dirhams (MDH), en sus de la formation de 2.750 jeunes laur\u00e9ats des centres de formation agricole \u00e0 Berkane.<\/p>\n<p>Les pr\u00e9cisions apport\u00e9es par la Direction r\u00e9gionale de l\u2019Agriculture de l\u2019Oriental concernant le nouveau plan agricole de la province de Berkane mettent l\u2019accent par ailleurs sur le recours \u00e0 une nouvelle g\u00e9n\u00e9ration d\u2019organisations agricoles, et ce \u00e0 travers la transformation d\u2019un total de 30 coop\u00e9ratives actives \u00e0 des coop\u00e9ratives agricoles nouvelle g\u00e9n\u00e9ration, l\u2019accompagnement de 230 coop\u00e9ratives agricoles, et la cr\u00e9ation de 30 nouvelles coop\u00e9ratives et deux nouveaux projets d\u2019agr\u00e9gation agricole.<\/p>\n<\/div>\n<p>Auteur: ALM<br \/>\n<a href=\"https:\/\/aujourdhui.ma\/actualite\/province-de-berkane-generation-green-entend-doubler-le-pib-agricole-pour-atteindre-45-mmdh-en-2030\">Cliquez ici pour lire l&rsquo;article depuis sa source.<\/a><\/p>\n","protected":false},"excerpt":{"rendered":"<p>Le plan agricole provincial de Berkane, \u00e9labor\u00e9 dans le cadre de la strat\u00e9gie \u00abG\u00e9n\u00e9ration Green\u00bb vise parmi ses principaux objectifs \u00e0 porter le PIB agricole \u00e0 4,5 milliards de dirhams (MMDH) en 2030 contre 2 MMDH actuellement. Des donn\u00e9es de la Direction r\u00e9gionale de l\u2019Agriculture de l\u2019Oriental font ressortir que le nouveau plan agricole provincial [&hellip;]<\/p>\n","protected":false},"author":1759,"featured_media":0,"comment_status":"closed","ping_status":"closed","sticky":false,"template":"","format":"standard","meta":{"fifu_image_url":"https:\/\/aujourdhui.ma\/wp-content\/uploads\/2021\/08\/province_de_berkane_ph_ysa_-300x153.jpg","fifu_image_alt":"Province de Berkane  : \u00abG\u00e9n\u00e9ration Green\u00bb entend doubler le PIB agricole pour atteindre 4,5 MMDH en 2030","footnotes":""},"categories":[73,54],"tags":[],"class_list":["post-124715","post","type-post","status-publish","format-standard","hentry","category-actualite","category-maroc"],"_links":{"self":[{"href":"https:\/\/linitiative.ca\/International\/wp-json\/wp\/v2\/posts\/124715","targetHints":{"allow":["GET"]}}],"collection":[{"href":"https:\/\/linitiative.ca\/International\/wp-json\/wp\/v2\/posts"}],"about":[{"href":"https:\/\/linitiative.ca\/International\/wp-json\/wp\/v2\/types\/post"}],"author":[{"embeddable":true,"href":"https:\/\/linitiative.ca\/International\/wp-json\/wp\/v2\/users\/1759"}],"replies":[{"embeddable":true,"href":"https:\/\/linitiative.ca\/International\/wp-json\/wp\/v2\/comments?post=124715"}],"version-history":[{"count":0,"href":"https:\/\/linitiative.ca\/International\/wp-json\/wp\/v2\/posts\/124715\/revisions"}],"wp:attachment":[{"href":"https:\/\/linitiative.ca\/International\/wp-json\/wp\/v2\/media?parent=124715"}],"wp:term":[{"taxonomy":"category","embeddable":true,"href":"https:\/\/linitiative.ca\/International\/wp-json\/wp\/v2\/categories?post=124715"},{"taxonomy":"post_tag","embeddable":true,"href":"https:\/\/linitiative.ca\/International\/wp-json\/wp\/v2\/tags?post=124715"}],"curies":[{"name":"wp","href":"https:\/\/api.w.org\/{rel}","templated":true}]}}