{"id":124717,"date":"2021-08-21T11:21:00","date_gmt":"2021-08-21T15:21:00","guid":{"rendered":"https:\/\/linitiative.ca\/International\/lancement-demain-de-la-campagne-de-vaccination-du-personnel-de-leducation\/"},"modified":"2021-08-21T11:21:00","modified_gmt":"2021-08-21T15:21:00","slug":"lancement-demain-de-la-campagne-de-vaccination-du-personnel-de-leducation","status":"publish","type":"post","link":"https:\/\/linitiative.ca\/International\/lancement-demain-de-la-campagne-de-vaccination-du-personnel-de-leducation\/","title":{"rendered":"Lancement demain de la campagne de vaccination du personnel de l&rsquo;\u00e9ducation"},"content":{"rendered":"<div>La campagne de vaccination contre le Covid-19 du  personnel de l&rsquo;Education nationale d\u00e9butera demain dimanche, et ce en pr\u00e9vision de la rentr\u00e9e scolaire 2021\/2022.<\/div>\n<p>Auteur:<br \/>\n<a href=\"https:\/\/www.liberte-algerie.com\/actualite\/lancement-demain-de-la-campagne-de-vaccination-du-personnel-de-leducation-363686\">Cliquez ici pour lire l&rsquo;article depuis sa source.<\/a><\/p>\n","protected":false},"excerpt":{"rendered":"<p>La campagne de vaccination contre le Covid-19 du personnel de l&rsquo;Education nationale d\u00e9butera demain dimanche, et ce en pr\u00e9vision de la rentr\u00e9e scolaire 2021\/2022. Auteur: Cliquez ici pour lire l&rsquo;article depuis sa source.<\/p>\n","protected":false},"author":1742,"featured_media":0,"comment_status":"closed","ping_status":"closed","sticky":false,"template":"","format":"standard","meta":{"fifu_image_url":"","fifu_image_alt":"","footnotes":""},"categories":[73,53],"tags":[],"class_list":["post-124717","post","type-post","status-publish","format-standard","hentry","category-actualite","category-algerie"],"_links":{"self":[{"href":"https:\/\/linitiative.ca\/International\/wp-json\/wp\/v2\/posts\/124717","targetHints":{"allow":["GET"]}}],"collection":[{"href":"https:\/\/linitiative.ca\/International\/wp-json\/wp\/v2\/posts"}],"about":[{"href":"https:\/\/linitiative.ca\/International\/wp-json\/wp\/v2\/types\/post"}],"author":[{"embeddable":true,"href":"https:\/\/linitiative.ca\/International\/wp-json\/wp\/v2\/users\/1742"}],"replies":[{"embeddable":true,"href":"https:\/\/linitiative.ca\/International\/wp-json\/wp\/v2\/comments?post=124717"}],"version-history":[{"count":0,"href":"https:\/\/linitiative.ca\/International\/wp-json\/wp\/v2\/posts\/124717\/revisions"}],"wp:attachment":[{"href":"https:\/\/linitiative.ca\/International\/wp-json\/wp\/v2\/media?parent=124717"}],"wp:term":[{"taxonomy":"category","embeddable":true,"href":"https:\/\/linitiative.ca\/International\/wp-json\/wp\/v2\/categories?post=124717"},{"taxonomy":"post_tag","embeddable":true,"href":"https:\/\/linitiative.ca\/International\/wp-json\/wp\/v2\/tags?post=124717"}],"curies":[{"name":"wp","href":"https:\/\/api.w.org\/{rel}","templated":true}]}}