{"id":124718,"date":"2021-08-21T11:38:28","date_gmt":"2021-08-21T15:38:28","guid":{"rendered":"https:\/\/linitiative.ca\/International\/le-discours-royal-la-determination-du-maroc-a-poursuivre-son-essor\/"},"modified":"2021-08-21T11:38:28","modified_gmt":"2021-08-21T15:38:28","slug":"le-discours-royal-la-determination-du-maroc-a-poursuivre-son-essor","status":"publish","type":"post","link":"https:\/\/linitiative.ca\/International\/le-discours-royal-la-determination-du-maroc-a-poursuivre-son-essor\/","title":{"rendered":"Le Discours royal, la d\u00e9termination du Maroc \u00e0 poursuivre son essor"},"content":{"rendered":"<div>\n<div style=\"margin-bottom:20px;\"><img loading=\"lazy\" decoding=\"async\" width=\"750\" height=\"430\" src=\"https:\/\/linitiative.ca\/International\/wp-content\/uploads\/sites\/23\/2021\/08\/Mohamed-El-Ghali-copier.jpg\" class=\"attachment-post-thumbnail size-post-thumbnail wp-post-image\" alt=\"\" srcset=\"https:\/\/linitiative.ca\/International\/wp-content\/uploads\/sites\/23\/2021\/08\/Mohamed-El-Ghali-copier.jpg 750w, http:\/\/www.mapmarrakech.ma\/map\/uploads\/2021\/08\/Mohamed-El-Ghali-copier-300x172.jpg 300w\" sizes=\"auto, (max-width: 750px) 100vw, 750px\"><\/div>\n<div>\n<p>Dans une d\u00e9claration \u00e0 la MAP, M. Ghali a expliqu\u00e9 que cet objectif, qui d\u00e9range les adversaires du Royaume, n\u2019a pas emp\u00each\u00e9 le Maroc d\u2019\u00e9tablir des relations \u00ab\u00a0constructives\u00a0\u00bb avec les pays voisins, ajoutant que cette approche rel\u00e8ve de la d\u00e9marche marocaine qui incarne l\u2019enracinement et l\u2019authenticit\u00e9 de l\u2019Etat marocain et t\u00e9moigne de son aura et de la place dont il jouit gr\u00e2ce aux relations qu\u2019il a tiss\u00e9es.<\/p>\n<p>Et le professeur du droit constitutionnel \u00e0 l\u2019Universit\u00e9 Cadi Ayyad de Marrakech d\u2019encha\u00eener que compte tenu de la position privil\u00e9gi\u00e9e du Royaume en tant que puissance r\u00e9gionale \u00e9mergente, l\u2019objectif est de pr\u00e9server ce capital positif dans un contexte reconnaissant la cr\u00e9dibilit\u00e9 de l\u2019Etat marocain, qui a su conforter son statut, loin de toute vision anachronique, colonisatrice et conservatrice.<\/p>\n<p>Il a, en outre, estim\u00e9 que la r\u00e9gularit\u00e9 de la tenue des \u00e9ch\u00e9ances \u00e9lectorales constitue l\u2019une des caract\u00e9ristiques du syst\u00e8me politique marocain, \u00e0 m\u00eame de garantir une meilleure impl\u00e9mentation du Mod\u00e8le de d\u00e9veloppement qui traduit la nouvelle vision pour l\u2019essor du Royaume, \u00e0 travers la mise en \u0153uvre du Pacte National pour le D\u00e9veloppement.<\/p>\n<\/div>\n<p>The post <a rel=\"nofollow\" href=\"http:\/\/www.mapmarrakech.ma\/fr\/le-discours-royal-la-determination-du-maroc-a-poursuivre-son-essor\/\">Le Discours royal, la d\u00e9termination du Maroc \u00e0 poursuivre son essor<\/a> appeared first on <a rel=\"nofollow\" href=\"http:\/\/www.mapmarrakech.ma\/fr\">MapMarrakech<\/a>.<\/p>\n<\/div>\n<p>Auteur: Meriem IGASS<br \/>\n<a href=\"http:\/\/www.mapmarrakech.ma\/fr\/le-discours-royal-la-determination-du-maroc-a-poursuivre-son-essor\/\">Cliquez ici pour lire l&rsquo;article depuis sa source.<\/a><\/p>\n","protected":false},"excerpt":{"rendered":"<p>Dans une d\u00e9claration \u00e0 la MAP, M. Ghali a expliqu\u00e9 que cet objectif, qui d\u00e9range les adversaires du Royaume, n\u2019a pas emp\u00each\u00e9 le Maroc d\u2019\u00e9tablir des relations \u00ab\u00a0constructives\u00a0\u00bb avec les pays voisins, ajoutant que cette approche rel\u00e8ve de la d\u00e9marche marocaine qui incarne l\u2019enracinement et l\u2019authenticit\u00e9 de l\u2019Etat marocain et t\u00e9moigne de son aura et [&hellip;]<\/p>\n","protected":false},"author":1788,"featured_media":0,"comment_status":"closed","ping_status":"closed","sticky":false,"template":"","format":"standard","meta":{"fifu_image_url":"http:\/\/www.mapmarrakech.ma\/map\/uploads\/2021\/08\/Mohamed-El-Ghali-copier.jpg","fifu_image_alt":"Le Discours royal, la d\u00e9termination du Maroc \u00e0 poursuivre son essor","footnotes":""},"categories":[54,76],"tags":[],"class_list":["post-124718","post","type-post","status-publish","format-standard","hentry","category-maroc","category-regions"],"_links":{"self":[{"href":"https:\/\/linitiative.ca\/International\/wp-json\/wp\/v2\/posts\/124718","targetHints":{"allow":["GET"]}}],"collection":[{"href":"https:\/\/linitiative.ca\/International\/wp-json\/wp\/v2\/posts"}],"about":[{"href":"https:\/\/linitiative.ca\/International\/wp-json\/wp\/v2\/types\/post"}],"author":[{"embeddable":true,"href":"https:\/\/linitiative.ca\/International\/wp-json\/wp\/v2\/users\/1788"}],"replies":[{"embeddable":true,"href":"https:\/\/linitiative.ca\/International\/wp-json\/wp\/v2\/comments?post=124718"}],"version-history":[{"count":0,"href":"https:\/\/linitiative.ca\/International\/wp-json\/wp\/v2\/posts\/124718\/revisions"}],"wp:attachment":[{"href":"https:\/\/linitiative.ca\/International\/wp-json\/wp\/v2\/media?parent=124718"}],"wp:term":[{"taxonomy":"category","embeddable":true,"href":"https:\/\/linitiative.ca\/International\/wp-json\/wp\/v2\/categories?post=124718"},{"taxonomy":"post_tag","embeddable":true,"href":"https:\/\/linitiative.ca\/International\/wp-json\/wp\/v2\/tags?post=124718"}],"curies":[{"name":"wp","href":"https:\/\/api.w.org\/{rel}","templated":true}]}}