{"id":124720,"date":"2021-08-21T11:49:09","date_gmt":"2021-08-21T15:49:09","guid":{"rendered":"https:\/\/linitiative.ca\/International\/maroc-espagne-le-discours-royal-une-nouvelle-ere-dans-les-relations\/"},"modified":"2021-08-21T11:49:09","modified_gmt":"2021-08-21T15:49:09","slug":"maroc-espagne-le-discours-royal-une-nouvelle-ere-dans-les-relations","status":"publish","type":"post","link":"https:\/\/linitiative.ca\/International\/maroc-espagne-le-discours-royal-une-nouvelle-ere-dans-les-relations\/","title":{"rendered":"Maroc-Espagne: le Discours royal, une nouvelle \u00e8re dans les relations"},"content":{"rendered":"<div>\n<div style=\"margin-bottom:20px;\"><img loading=\"lazy\" decoding=\"async\" width=\"750\" height=\"430\" src=\"https:\/\/linitiative.ca\/International\/wp-content\/uploads\/sites\/23\/2021\/08\/M.-Mohamed-Bentalha-Doukkali.jpg\" class=\"attachment-post-thumbnail size-post-thumbnail wp-post-image\" alt=\"\" srcset=\"https:\/\/linitiative.ca\/International\/wp-content\/uploads\/sites\/23\/2021\/08\/M.-Mohamed-Bentalha-Doukkali.jpg 750w, http:\/\/www.mapmarrakech.ma\/map\/uploads\/2021\/08\/M.-Mohamed-Bentalha-Doukkali-300x172.jpg 300w\" sizes=\"auto, (max-width: 750px) 100vw, 750px\"><\/div>\n<p>\u00ab\u00a0Le Discours royal appelle \u00e0 inaugurer une nouvelle \u00e8re dans les relations entre les deux pays, qui doivent reposer d\u00e9sormais sur la confiance, la compr\u00e9hension et la transparence\u00a0\u00bb, a indiqu\u00e9 l\u2019universitaire dans une d\u00e9claration \u00e0 la MAP.<\/p>\n<p>SM le Roi Mohammed VI a tenu \u00e0 rappeler que les relations maroco-espagnoles ont travers\u00e9 une crise sans pr\u00e9c\u00e9dent qui a fortement \u00e9branl\u00e9 la confiance mutuelle, exprimant Sa certitude et Sa conviction que cette crise passag\u00e8re incite les deux pays \u00e0 b\u00e2tir des relations solides fond\u00e9es sur le partenariat et la consid\u00e9ration mutuelle, a-t-il relev\u00e9.<\/p>\n<p>Le Discours royal a aussi d\u00e9nonc\u00e9 la campagne de d\u00e9nigrement visant les institutions s\u00e9curitaires marocaines connues au niveau international pour leur efficacit\u00e9 et leur professionnalisme, qui ont permis de d\u00e9jouer plusieurs attentats terroristes aux niveaux national et international, a ajout\u00e9 l\u2019universitaire.<\/p>\n<p>Dans le m\u00eame contexte, le Souverain a d\u00e9nonc\u00e9 les campagnes ciblant le Maroc de la part de certains pays et d\u2019organisations connues pour leur hostilit\u00e9 au Maroc, a-t-il indiqu\u00e9, relevant que ces campagnes m\u00e9diatiques visent \u00e0 d\u00e9stabiliser le Royaume qui jouit d\u2019un climat de paix et de stabilit\u00e9 et d\u2019une grande r\u00e9putation et cr\u00e9dibilit\u00e9 aupr\u00e8s de ses partenaires.<\/p>\n<p>Par ailleurs, M. Bentalha a soulign\u00e9 que le Discours royal a mis en exergue les significations profondes de la R\u00e9volution du Roi et du Peuple, en tant qu\u2019\u00e9pop\u00e9e nationale traduisant ce lien sacr\u00e9 et cette symbiose unissant le Tr\u00f4ne alaouite et le peuple marocain et inspirant les jeunes g\u00e9n\u00e9rations pour d\u00e9fendre l\u2019int\u00e9grit\u00e9 territoriale du Royaume.<\/p>\n<p>The post <a rel=\"nofollow\" href=\"http:\/\/www.mapmarrakech.ma\/fr\/le-discours-royal-une-invitation-pour-redefinir-les-relations-maroco-espagnoles\/\">Maroc-Espagne: le Discours royal, une nouvelle \u00e8re dans les relations<\/a> appeared first on <a rel=\"nofollow\" href=\"http:\/\/www.mapmarrakech.ma\/fr\">MapMarrakech<\/a>.<\/p>\n<\/div>\n<p>Auteur: Meriem IGASS<br \/>\n<a href=\"http:\/\/www.mapmarrakech.ma\/fr\/le-discours-royal-une-invitation-pour-redefinir-les-relations-maroco-espagnoles\/\">Cliquez ici pour lire l&rsquo;article depuis sa source.<\/a><\/p>\n","protected":false},"excerpt":{"rendered":"<p>\u00ab\u00a0Le Discours royal appelle \u00e0 inaugurer une nouvelle \u00e8re dans les relations entre les deux pays, qui doivent reposer d\u00e9sormais sur la confiance, la compr\u00e9hension et la transparence\u00a0\u00bb, a indiqu\u00e9 l\u2019universitaire dans une d\u00e9claration \u00e0 la MAP. SM le Roi Mohammed VI a tenu \u00e0 rappeler que les relations maroco-espagnoles ont travers\u00e9 une crise sans [&hellip;]<\/p>\n","protected":false},"author":1788,"featured_media":0,"comment_status":"closed","ping_status":"closed","sticky":false,"template":"","format":"standard","meta":{"fifu_image_url":"http:\/\/www.mapmarrakech.ma\/map\/uploads\/2021\/08\/M.-Mohamed-Bentalha-Doukkali.jpg","fifu_image_alt":"Maroc-Espagne: le Discours royal, une nouvelle \u00e8re dans les relations","footnotes":""},"categories":[54,76],"tags":[],"class_list":["post-124720","post","type-post","status-publish","format-standard","hentry","category-maroc","category-regions"],"_links":{"self":[{"href":"https:\/\/linitiative.ca\/International\/wp-json\/wp\/v2\/posts\/124720","targetHints":{"allow":["GET"]}}],"collection":[{"href":"https:\/\/linitiative.ca\/International\/wp-json\/wp\/v2\/posts"}],"about":[{"href":"https:\/\/linitiative.ca\/International\/wp-json\/wp\/v2\/types\/post"}],"author":[{"embeddable":true,"href":"https:\/\/linitiative.ca\/International\/wp-json\/wp\/v2\/users\/1788"}],"replies":[{"embeddable":true,"href":"https:\/\/linitiative.ca\/International\/wp-json\/wp\/v2\/comments?post=124720"}],"version-history":[{"count":0,"href":"https:\/\/linitiative.ca\/International\/wp-json\/wp\/v2\/posts\/124720\/revisions"}],"wp:attachment":[{"href":"https:\/\/linitiative.ca\/International\/wp-json\/wp\/v2\/media?parent=124720"}],"wp:term":[{"taxonomy":"category","embeddable":true,"href":"https:\/\/linitiative.ca\/International\/wp-json\/wp\/v2\/categories?post=124720"},{"taxonomy":"post_tag","embeddable":true,"href":"https:\/\/linitiative.ca\/International\/wp-json\/wp\/v2\/tags?post=124720"}],"curies":[{"name":"wp","href":"https:\/\/api.w.org\/{rel}","templated":true}]}}