{"id":124724,"date":"2021-08-20T15:35:52","date_gmt":"2021-08-20T19:35:52","guid":{"rendered":"https:\/\/linitiative.ca\/International\/fete-de-la-jeunesse-grace-royale-au-profit-de-486-personnes\/"},"modified":"2021-08-20T15:35:52","modified_gmt":"2021-08-20T19:35:52","slug":"fete-de-la-jeunesse-grace-royale-au-profit-de-486-personnes","status":"publish","type":"post","link":"https:\/\/linitiative.ca\/International\/fete-de-la-jeunesse-grace-royale-au-profit-de-486-personnes\/","title":{"rendered":"F\u00eate de la Jeunesse : Gr\u00e2ce Royale au profit de 486 personnes"},"content":{"rendered":"<div>\n<div style=\"margin-bottom:20px;\"><img loading=\"lazy\" decoding=\"async\" width=\"750\" height=\"430\" src=\"https:\/\/linitiative.ca\/International\/wp-content\/uploads\/sites\/23\/2021\/08\/SM-le-Roi_750x430-1.jpg\" class=\"attachment-post-thumbnail size-post-thumbnail wp-post-image\" alt=\"\" srcset=\"https:\/\/linitiative.ca\/International\/wp-content\/uploads\/sites\/23\/2021\/08\/SM-le-Roi_750x430-1.jpg 750w, http:\/\/www.mapoujda.ma\/map\/uploads\/2021\/08\/SM-le-Roi_750x430-1-300x172.jpg 300w\" sizes=\"auto, (max-width: 750px) 100vw, 750px\"><\/div>\n<p style=\"text-align: justify;\">A l\u2019occasion de la F\u00eate de la Jeunesse, Sa Majest\u00e9 le Roi Mohammed VI, que Dieu L\u2019assiste, a bien voulu accorder Sa gr\u00e2ce \u00e0 486 personnes condamn\u00e9es par diff\u00e9rents tribunaux du Royaume, annonce le minist\u00e8re de la Justice dans un communiqu\u00e9.<\/p>\n<p style=\"text-align: justify;\">En voici le texte :<\/p>\n<p style=\"text-align: justify;\">\u00ab\u00a0A l\u2019occasion de la f\u00eate de la Jeunesse de cette ann\u00e9e 1443 H-2021 G, Sa Majest\u00e9 le Roi Mohammed VI, que Dieu perp\u00e9tue Sa gloire, a bien voulu accorder Sa gr\u00e2ce \u00e0 un ensemble de personnes condamn\u00e9es par diff\u00e9rents tribunaux du Royaume. Ces personnes, au nombre de 486, se pr\u00e9sentent comme suit :<\/p>\n<p style=\"text-align: justify;\">* Les b\u00e9n\u00e9ficiaires de la Gr\u00e2ce Royale qui sont en d\u00e9tention sont au nombre de 389 d\u00e9tenus se r\u00e9partissant comme suit :<\/p>\n<p style=\"text-align: justify;\">\u2013 Gr\u00e2ce sur le reliquat de la peine d\u2019emprisonnement ou de r\u00e9clusion au profit de 07 d\u00e9tenus.<\/p>\n<p style=\"text-align: justify;\">\u2013 Remise de la peine d\u2019emprisonnement ou de r\u00e9clusion au profit de 379 d\u00e9tenus.<\/p>\n<p style=\"text-align: justify;\">\u2013 Commutation de la peine perp\u00e9tuelle en peine \u00e0 temps au profit de 03 d\u00e9tenus.<\/p>\n<p style=\"text-align: justify;\">* Les b\u00e9n\u00e9ficiaires de la Gr\u00e2ce Royale qui sont en libert\u00e9 sont au nombre de 97 personnes se r\u00e9partissant comme suit :<\/p>\n<p style=\"text-align: justify;\">\u2013 Gr\u00e2ce sur la peine d\u2019emprisonnement ou son reliquat au profit de 36 personnes.<\/p>\n<p style=\"text-align: justify;\">\u2013 Gr\u00e2ce sur la peine d\u2019emprisonnement avec maintien de l\u2019amende au profit de 12 personnes.<\/p>\n<p style=\"text-align: justify;\">\u2013 Gr\u00e2ce sur la peine d\u2019amende au profit de 47 personnes.<\/p>\n<p style=\"text-align: justify;\">\u2013 Gr\u00e2ce sur la peine d\u2019emprisonnement et d\u2019amende au profit de 2 personnes.<\/p>\n<p style=\"text-align: justify;\">Puisse Dieu garder Sa Majest\u00e9 le Roi, source de cl\u00e9mence et de mis\u00e9ricorde, perp\u00e9tuer Sa gloire et pr\u00e9server Son Altesse Royale le Prince H\u00e9ritier Moulay El Hassan, ainsi que tous les membres de la Famille Royale\u00a0\u00bb.<\/p>\n<p>L\u2019article <a rel=\"nofollow\" href=\"http:\/\/www.mapoujda.ma\/fr\/fete-de-la-jeunesse-grace-royale-au-profit-de-486-personnes\/\">F\u00eate de la Jeunesse : Gr\u00e2ce Royale au profit de 486 personnes<\/a> est apparu en premier sur <a rel=\"nofollow\" href=\"http:\/\/www.mapoujda.ma\/fr\">MapOujda<\/a>.<\/p>\n<\/div>\n<p>Auteur: Soufiane ELAHMAR<br \/>\n<a href=\"http:\/\/www.mapoujda.ma\/fr\/fete-de-la-jeunesse-grace-royale-au-profit-de-486-personnes\/\">Cliquez ici pour lire l&rsquo;article depuis sa source.<\/a><\/p>\n","protected":false},"excerpt":{"rendered":"<p>A l\u2019occasion de la F\u00eate de la Jeunesse, Sa Majest\u00e9 le Roi Mohammed VI, que Dieu L\u2019assiste, a bien voulu accorder Sa gr\u00e2ce \u00e0 486 personnes condamn\u00e9es par diff\u00e9rents tribunaux du Royaume, annonce le minist\u00e8re de la Justice dans un communiqu\u00e9. En voici le texte : \u00ab\u00a0A l\u2019occasion de la f\u00eate de la Jeunesse de [&hellip;]<\/p>\n","protected":false},"author":1788,"featured_media":0,"comment_status":"closed","ping_status":"closed","sticky":false,"template":"","format":"standard","meta":{"fifu_image_url":"http:\/\/www.mapoujda.ma\/map\/uploads\/2021\/08\/SM-le-Roi_750x430-1.jpg","fifu_image_alt":"F\u00eate de la Jeunesse : Gr\u00e2ce Royale au profit de 486 personnes","footnotes":""},"categories":[54,76],"tags":[],"class_list":["post-124724","post","type-post","status-publish","format-standard","hentry","category-maroc","category-regions"],"_links":{"self":[{"href":"https:\/\/linitiative.ca\/International\/wp-json\/wp\/v2\/posts\/124724","targetHints":{"allow":["GET"]}}],"collection":[{"href":"https:\/\/linitiative.ca\/International\/wp-json\/wp\/v2\/posts"}],"about":[{"href":"https:\/\/linitiative.ca\/International\/wp-json\/wp\/v2\/types\/post"}],"author":[{"embeddable":true,"href":"https:\/\/linitiative.ca\/International\/wp-json\/wp\/v2\/users\/1788"}],"replies":[{"embeddable":true,"href":"https:\/\/linitiative.ca\/International\/wp-json\/wp\/v2\/comments?post=124724"}],"version-history":[{"count":0,"href":"https:\/\/linitiative.ca\/International\/wp-json\/wp\/v2\/posts\/124724\/revisions"}],"wp:attachment":[{"href":"https:\/\/linitiative.ca\/International\/wp-json\/wp\/v2\/media?parent=124724"}],"wp:term":[{"taxonomy":"category","embeddable":true,"href":"https:\/\/linitiative.ca\/International\/wp-json\/wp\/v2\/categories?post=124724"},{"taxonomy":"post_tag","embeddable":true,"href":"https:\/\/linitiative.ca\/International\/wp-json\/wp\/v2\/tags?post=124724"}],"curies":[{"name":"wp","href":"https:\/\/api.w.org\/{rel}","templated":true}]}}