{"id":124728,"date":"2021-08-21T09:27:08","date_gmt":"2021-08-21T13:27:08","guid":{"rendered":"https:\/\/linitiative.ca\/International\/secousses-telluriques-de-35-et-36-degres-dans-la-province-de-driouch\/"},"modified":"2021-08-21T09:27:08","modified_gmt":"2021-08-21T13:27:08","slug":"secousses-telluriques-de-35-et-36-degres-dans-la-province-de-driouch","status":"publish","type":"post","link":"https:\/\/linitiative.ca\/International\/secousses-telluriques-de-35-et-36-degres-dans-la-province-de-driouch\/","title":{"rendered":"Secousses telluriques de 3,5 et 3,6 degr\u00e9s dans la province de Driouch"},"content":{"rendered":"<div>\n<div style=\"margin-bottom:20px;\"><img loading=\"lazy\" decoding=\"async\" width=\"704\" height=\"416\" src=\"https:\/\/linitiative.ca\/International\/wp-content\/uploads\/sites\/23\/2021\/08\/secousse-tellurique-750C397430-EPA.jpg\" class=\"attachment-post-thumbnail size-post-thumbnail wp-post-image\" alt=\"\" srcset=\"https:\/\/linitiative.ca\/International\/wp-content\/uploads\/sites\/23\/2021\/08\/secousse-tellurique-750C397430-EPA.jpg 704w, http:\/\/www.mapoujda.ma\/map\/uploads\/2021\/08\/secousse-tellurique-750\u00d7430-EPA-300x177.jpg 300w, http:\/\/www.mapoujda.ma\/map\/uploads\/2021\/08\/secousse-tellurique-750\u00d7430-EPA-357x210.jpg 357w\" sizes=\"auto, (max-width: 704px) 100vw, 704px\"><\/div>\n<p style=\"text-align: justify;\">Deux secousses telluriques de magnitude 3,5 et 3,6 degr\u00e9s sur l\u2019\u00e9chelle de Richter ont \u00e9t\u00e9 enregistr\u00e9es, samedi, dans la province de Driouch, a indiqu\u00e9 l\u2019Institut national de g\u00e9ophysique (ING).<\/p>\n<p style=\"text-align: justify;\">La premi\u00e8re secousse d\u2019une magnitude de 3,5 sur l\u2019\u00e9chelle de Richter s\u2019est produite \u00e0 00h 25min 28sec (GMT+1), a pr\u00e9cis\u00e9 le R\u00e9seau national de surveillance et d\u2019alerte sismique, relevant de l\u2019ING, dans un bulletin d\u2019alerte sismique.<\/p>\n<p style=\"text-align: justify;\">Survenue \u00e0 une profondeur de 26 km, la secousse, qui a \u00e9t\u00e9 ressentie, s\u2019est produite \u00e0 une latitude de 35.500\u00b0N et une longitude de 3.658\u00b0W, selon la m\u00eame source.<\/p>\n<p style=\"text-align: justify;\">La deuxi\u00e8me secousse d\u2019une magnitude de 3,6 sur l\u2019\u00e9chelle de Richter s\u2019est produite \u00e0 00h 35min 06sec (GMT+1).<\/p>\n<p style=\"text-align: justify;\">La secousse, survenue \u00e0 une profondeur de 09 km et qui a \u00e9galement \u00e9t\u00e9 ressentie, s\u2019est produite \u00e0 une latitude de 35.567\u00b0N et une longitude de 3.612\u00b0W.<\/p>\n<p>L\u2019article <a rel=\"nofollow\" href=\"http:\/\/www.mapoujda.ma\/fr\/secousses-telluriques-de-35-et-36-degres-dans-la-province-de-driouch\/\">Secousses telluriques de 3,5 et 3,6 degr\u00e9s dans la province de Driouch<\/a> est apparu en premier sur <a rel=\"nofollow\" href=\"http:\/\/www.mapoujda.ma\/fr\">MapOujda<\/a>.<\/p>\n<\/div>\n<p>Auteur: Soufiane ELAHMAR<br \/>\n<a href=\"http:\/\/www.mapoujda.ma\/fr\/secousses-telluriques-de-35-et-36-degres-dans-la-province-de-driouch\/\">Cliquez ici pour lire l&rsquo;article depuis sa source.<\/a><\/p>\n","protected":false},"excerpt":{"rendered":"<p>Deux secousses telluriques de magnitude 3,5 et 3,6 degr\u00e9s sur l\u2019\u00e9chelle de Richter ont \u00e9t\u00e9 enregistr\u00e9es, samedi, dans la province de Driouch, a indiqu\u00e9 l\u2019Institut national de g\u00e9ophysique (ING). La premi\u00e8re secousse d\u2019une magnitude de 3,5 sur l\u2019\u00e9chelle de Richter s\u2019est produite \u00e0 00h 25min 28sec (GMT+1), a pr\u00e9cis\u00e9 le R\u00e9seau national de surveillance et [&hellip;]<\/p>\n","protected":false},"author":1788,"featured_media":0,"comment_status":"closed","ping_status":"closed","sticky":false,"template":"","format":"standard","meta":{"fifu_image_url":"http:\/\/www.mapoujda.ma\/map\/uploads\/2021\/08\/secousse-tellurique-750\u00d7430-EPA.jpg","fifu_image_alt":"Secousses telluriques de 3,5 et 3,6 degr\u00e9s dans la province de Driouch","footnotes":""},"categories":[54,76],"tags":[],"class_list":["post-124728","post","type-post","status-publish","format-standard","hentry","category-maroc","category-regions"],"_links":{"self":[{"href":"https:\/\/linitiative.ca\/International\/wp-json\/wp\/v2\/posts\/124728","targetHints":{"allow":["GET"]}}],"collection":[{"href":"https:\/\/linitiative.ca\/International\/wp-json\/wp\/v2\/posts"}],"about":[{"href":"https:\/\/linitiative.ca\/International\/wp-json\/wp\/v2\/types\/post"}],"author":[{"embeddable":true,"href":"https:\/\/linitiative.ca\/International\/wp-json\/wp\/v2\/users\/1788"}],"replies":[{"embeddable":true,"href":"https:\/\/linitiative.ca\/International\/wp-json\/wp\/v2\/comments?post=124728"}],"version-history":[{"count":0,"href":"https:\/\/linitiative.ca\/International\/wp-json\/wp\/v2\/posts\/124728\/revisions"}],"wp:attachment":[{"href":"https:\/\/linitiative.ca\/International\/wp-json\/wp\/v2\/media?parent=124728"}],"wp:term":[{"taxonomy":"category","embeddable":true,"href":"https:\/\/linitiative.ca\/International\/wp-json\/wp\/v2\/categories?post=124728"},{"taxonomy":"post_tag","embeddable":true,"href":"https:\/\/linitiative.ca\/International\/wp-json\/wp\/v2\/tags?post=124728"}],"curies":[{"name":"wp","href":"https:\/\/api.w.org\/{rel}","templated":true}]}}