{"id":124732,"date":"2021-08-21T08:33:25","date_gmt":"2021-08-21T12:33:25","guid":{"rendered":"https:\/\/linitiative.ca\/International\/minusca-les-casques-bleus-marocains-honores\/"},"modified":"2021-08-21T08:33:25","modified_gmt":"2021-08-21T12:33:25","slug":"minusca-les-casques-bleus-marocains-honores","status":"publish","type":"post","link":"https:\/\/linitiative.ca\/International\/minusca-les-casques-bleus-marocains-honores\/","title":{"rendered":"MINUSCA: Les casques bleus marocains honor\u00e9s"},"content":{"rendered":"<div>\n<div class=\"field field-name-body field-type-text-with-summary field-label-hidden\">\n<div class=\"field-items\">\n<div class=\"field-item even\" property=\"content:encoded\">\n<p class=\"rtejustify\">Les casques bleus marocains pr\u00e9sents en Centrafrique ont \u00e9t\u00e9 honor\u00e9s. Quelque 752 Casques bleus du bataillon marocain (MORBATT) de la Mission multidimensionnelle int\u00e9gr\u00e9e des Nations unies pour la stabilisation en Centrafrique (MINUSCA) et 3 observateurs militaires ont \u00e9t\u00e9 d\u00e9cor\u00e9s de m\u00e9dailles pour leur contribution au retour de la paix dans ce pays, indique samedi le Centre d&rsquo;information des Nations Unies \u00e0 Rabat (CINU).<\/p>\n<\/div>\n<\/div>\n<\/div>\n<\/div>\n<p>Auteur: hgueye<br \/>\n<a href=\"https:\/\/www.leconomiste.com\/flash-infos\/minusca-les-casques-bleus-marocains-honores\">Cliquez ici pour lire l&rsquo;article depuis sa source.<\/a><\/p>\n","protected":false},"excerpt":{"rendered":"<p>Les casques bleus marocains pr\u00e9sents en Centrafrique ont \u00e9t\u00e9 honor\u00e9s. Quelque 752 Casques bleus du bataillon marocain (MORBATT) de la Mission multidimensionnelle int\u00e9gr\u00e9e des Nations unies pour la stabilisation en Centrafrique (MINUSCA) et 3 observateurs militaires ont \u00e9t\u00e9 d\u00e9cor\u00e9s de m\u00e9dailles pour leur contribution au retour de la paix dans ce pays, indique samedi le [&hellip;]<\/p>\n","protected":false},"author":1763,"featured_media":0,"comment_status":"closed","ping_status":"closed","sticky":false,"template":"","format":"standard","meta":{"fifu_image_url":"","fifu_image_alt":"","footnotes":""},"categories":[78,54],"tags":[],"class_list":["post-124732","post","type-post","status-publish","format-standard","hentry","category-economie","category-maroc"],"_links":{"self":[{"href":"https:\/\/linitiative.ca\/International\/wp-json\/wp\/v2\/posts\/124732","targetHints":{"allow":["GET"]}}],"collection":[{"href":"https:\/\/linitiative.ca\/International\/wp-json\/wp\/v2\/posts"}],"about":[{"href":"https:\/\/linitiative.ca\/International\/wp-json\/wp\/v2\/types\/post"}],"author":[{"embeddable":true,"href":"https:\/\/linitiative.ca\/International\/wp-json\/wp\/v2\/users\/1763"}],"replies":[{"embeddable":true,"href":"https:\/\/linitiative.ca\/International\/wp-json\/wp\/v2\/comments?post=124732"}],"version-history":[{"count":0,"href":"https:\/\/linitiative.ca\/International\/wp-json\/wp\/v2\/posts\/124732\/revisions"}],"wp:attachment":[{"href":"https:\/\/linitiative.ca\/International\/wp-json\/wp\/v2\/media?parent=124732"}],"wp:term":[{"taxonomy":"category","embeddable":true,"href":"https:\/\/linitiative.ca\/International\/wp-json\/wp\/v2\/categories?post=124732"},{"taxonomy":"post_tag","embeddable":true,"href":"https:\/\/linitiative.ca\/International\/wp-json\/wp\/v2\/tags?post=124732"}],"curies":[{"name":"wp","href":"https:\/\/api.w.org\/{rel}","templated":true}]}}