{"id":124733,"date":"2021-08-21T09:30:50","date_gmt":"2021-08-21T13:30:50","guid":{"rendered":"https:\/\/linitiative.ca\/International\/maroc-espagne-pedro-sanchez-reagit-au-discours-du-roi-mohammed-vi\/"},"modified":"2021-08-21T09:30:50","modified_gmt":"2021-08-21T13:30:50","slug":"maroc-espagne-pedro-sanchez-reagit-au-discours-du-roi-mohammed-vi","status":"publish","type":"post","link":"https:\/\/linitiative.ca\/International\/maroc-espagne-pedro-sanchez-reagit-au-discours-du-roi-mohammed-vi\/","title":{"rendered":"Maroc-Espagne: Pedro Sanchez r\u00e9agit au discours du Roi Mohammed VI"},"content":{"rendered":"<div>\n<div class=\"field field-name-body field-type-text-with-summary field-label-hidden\">\n<div class=\"field-items\">\n<div class=\"field-item even\" property=\"content:encoded\">\n<p class=\"rtejustify\">Le chef\u00a0gouvernement, Pedro S\u00e1nchez, a r\u00e9agi positivement au discours du Roi Mohammed VI prononc\u00e9, vendredi soir, \u00e0 l&rsquo;occasion de l&rsquo;anniversaire de la R\u00e9volution du Roi et du Peuple. Lors d&rsquo;un point de presse tenu samedi avec la\u00a0pr\u00e9sidente de la Commission europ\u00e9enne,\u00a0Ursula von der Leyen, et le pr\u00e9sident du Conseil europ\u00e9en, Charles Michel, \u00e0 la base a\u00e9rienne de Torrejon, Pedron Sanchez a\u00a0remerci\u00e9 le Roi Mohammed VI\u00a0pour son appel \u00e0\u00a0r\u00e9tablir les relations avec l&rsquo;Espagne.\u00a0<\/p>\n<\/div>\n<\/div>\n<\/div>\n<\/div>\n<p>Auteur: hgueye<br \/>\n<a href=\"https:\/\/www.leconomiste.com\/flash-infos\/maroc-espagne-pedro-sanchez-reagit-au-discours-du-roi-mohammed-vi\">Cliquez ici pour lire l&rsquo;article depuis sa source.<\/a><\/p>\n","protected":false},"excerpt":{"rendered":"<p>Le chef\u00a0gouvernement, Pedro S\u00e1nchez, a r\u00e9agi positivement au discours du Roi Mohammed VI prononc\u00e9, vendredi soir, \u00e0 l&rsquo;occasion de l&rsquo;anniversaire de la R\u00e9volution du Roi et du Peuple. Lors d&rsquo;un point de presse tenu samedi avec la\u00a0pr\u00e9sidente de la Commission europ\u00e9enne,\u00a0Ursula von der Leyen, et le pr\u00e9sident du Conseil europ\u00e9en, Charles Michel, \u00e0 la base [&hellip;]<\/p>\n","protected":false},"author":1763,"featured_media":0,"comment_status":"closed","ping_status":"closed","sticky":false,"template":"","format":"standard","meta":{"fifu_image_url":"","fifu_image_alt":"","footnotes":""},"categories":[78,54],"tags":[],"class_list":["post-124733","post","type-post","status-publish","format-standard","hentry","category-economie","category-maroc"],"_links":{"self":[{"href":"https:\/\/linitiative.ca\/International\/wp-json\/wp\/v2\/posts\/124733","targetHints":{"allow":["GET"]}}],"collection":[{"href":"https:\/\/linitiative.ca\/International\/wp-json\/wp\/v2\/posts"}],"about":[{"href":"https:\/\/linitiative.ca\/International\/wp-json\/wp\/v2\/types\/post"}],"author":[{"embeddable":true,"href":"https:\/\/linitiative.ca\/International\/wp-json\/wp\/v2\/users\/1763"}],"replies":[{"embeddable":true,"href":"https:\/\/linitiative.ca\/International\/wp-json\/wp\/v2\/comments?post=124733"}],"version-history":[{"count":0,"href":"https:\/\/linitiative.ca\/International\/wp-json\/wp\/v2\/posts\/124733\/revisions"}],"wp:attachment":[{"href":"https:\/\/linitiative.ca\/International\/wp-json\/wp\/v2\/media?parent=124733"}],"wp:term":[{"taxonomy":"category","embeddable":true,"href":"https:\/\/linitiative.ca\/International\/wp-json\/wp\/v2\/categories?post=124733"},{"taxonomy":"post_tag","embeddable":true,"href":"https:\/\/linitiative.ca\/International\/wp-json\/wp\/v2\/tags?post=124733"}],"curies":[{"name":"wp","href":"https:\/\/api.w.org\/{rel}","templated":true}]}}