{"id":124736,"date":"2021-08-21T13:26:39","date_gmt":"2021-08-21T17:26:39","guid":{"rendered":"https:\/\/linitiative.ca\/International\/colonies-de-vacances-plus-de-150-000-beneficiaires-pour-lete\/"},"modified":"2021-08-21T13:26:39","modified_gmt":"2021-08-21T17:26:39","slug":"colonies-de-vacances-plus-de-150-000-beneficiaires-pour-lete","status":"publish","type":"post","link":"https:\/\/linitiative.ca\/International\/colonies-de-vacances-plus-de-150-000-beneficiaires-pour-lete\/","title":{"rendered":"Colonies de vacances: Plus de 150.000  b\u00e9n\u00e9ficiaires pour l&rsquo;\u00e9t\u00e9"},"content":{"rendered":"<div>\n<div class=\"field field-name-body field-type-text-with-summary field-label-hidden\">\n<div class=\"field-items\">\n<div class=\"field-item even\" property=\"content:encoded\">\n<p class=\"rtejustify\">Un total de 150.000 enfants et adolescents ont b\u00e9n\u00e9fici\u00e9 du programme national d&rsquo;animation de proximit\u00e9 \u00ab\u00a0\u00c9t\u00e9 2021\u00a0\u00bb, qui s&rsquo;est d\u00e9roul\u00e9 entre le 14 juillet et le 21 ao\u00fbt, ont indiqu\u00e9, samedi, des responsables au cours de la c\u00e9r\u00e9monie de cl\u00f4ture de ce programme, tenue au Centre socio-sportif de proximit\u00e9 Jnane 4 \u00e0 K\u00e9nitra.<\/p>\n<\/div>\n<\/div>\n<\/div>\n<\/div>\n<p>Auteur: hgueye<br \/>\n<a href=\"https:\/\/www.leconomiste.com\/flash-infos\/colonies-de-vacances-plus-de-150-000-beneficiaires-pour-l-ete\">Cliquez ici pour lire l&rsquo;article depuis sa source.<\/a><\/p>\n","protected":false},"excerpt":{"rendered":"<p>Un total de 150.000 enfants et adolescents ont b\u00e9n\u00e9fici\u00e9 du programme national d&rsquo;animation de proximit\u00e9 \u00ab\u00a0\u00c9t\u00e9 2021\u00a0\u00bb, qui s&rsquo;est d\u00e9roul\u00e9 entre le 14 juillet et le 21 ao\u00fbt, ont indiqu\u00e9, samedi, des responsables au cours de la c\u00e9r\u00e9monie de cl\u00f4ture de ce programme, tenue au Centre socio-sportif de proximit\u00e9 Jnane 4 \u00e0 K\u00e9nitra. Auteur: hgueye [&hellip;]<\/p>\n","protected":false},"author":1763,"featured_media":0,"comment_status":"closed","ping_status":"closed","sticky":false,"template":"","format":"standard","meta":{"fifu_image_url":"","fifu_image_alt":"","footnotes":""},"categories":[78,54],"tags":[],"class_list":["post-124736","post","type-post","status-publish","format-standard","hentry","category-economie","category-maroc"],"_links":{"self":[{"href":"https:\/\/linitiative.ca\/International\/wp-json\/wp\/v2\/posts\/124736","targetHints":{"allow":["GET"]}}],"collection":[{"href":"https:\/\/linitiative.ca\/International\/wp-json\/wp\/v2\/posts"}],"about":[{"href":"https:\/\/linitiative.ca\/International\/wp-json\/wp\/v2\/types\/post"}],"author":[{"embeddable":true,"href":"https:\/\/linitiative.ca\/International\/wp-json\/wp\/v2\/users\/1763"}],"replies":[{"embeddable":true,"href":"https:\/\/linitiative.ca\/International\/wp-json\/wp\/v2\/comments?post=124736"}],"version-history":[{"count":0,"href":"https:\/\/linitiative.ca\/International\/wp-json\/wp\/v2\/posts\/124736\/revisions"}],"wp:attachment":[{"href":"https:\/\/linitiative.ca\/International\/wp-json\/wp\/v2\/media?parent=124736"}],"wp:term":[{"taxonomy":"category","embeddable":true,"href":"https:\/\/linitiative.ca\/International\/wp-json\/wp\/v2\/categories?post=124736"},{"taxonomy":"post_tag","embeddable":true,"href":"https:\/\/linitiative.ca\/International\/wp-json\/wp\/v2\/tags?post=124736"}],"curies":[{"name":"wp","href":"https:\/\/api.w.org\/{rel}","templated":true}]}}