{"id":124737,"date":"2021-08-21T08:17:00","date_gmt":"2021-08-21T12:17:00","guid":{"rendered":"https:\/\/linitiative.ca\/International\/le-plan-de-man-city-pour-recruter-harry-kane\/"},"modified":"2021-08-21T08:17:00","modified_gmt":"2021-08-21T12:17:00","slug":"le-plan-de-man-city-pour-recruter-harry-kane","status":"publish","type":"post","link":"https:\/\/linitiative.ca\/International\/le-plan-de-man-city-pour-recruter-harry-kane\/","title":{"rendered":"Le plan de Man City pour recruter Harry Kane"},"content":{"rendered":"<div>A la recherche de liquidit\u00e9s pour convaincre Tottenham, Manchester City serait pr\u00eat \u00e0 se d\u00e9barrasser de Laporte et Bernardo Silva<img loading=\"lazy\" decoding=\"async\" src=\"http:\/\/feeds.feedburner.com\/~r\/GalerieFArtciles\/~4\/AFj_mwNK4Pw\" height=\"1\" width=\"1\" alt=\"\"><\/div>\n<p>Auteur:<br \/>\n<a href=\"http:\/\/www.lebuteur.com\/article\/detail?titre=le-plan-de-man-city-pour-recruter-harry-kane&#038;id=100891&#038;utm_source=feedburner&#038;utm_medium=feed&#038;utm_campaign=Feed%3A+GalerieFArtciles+%28Les+derniers+articles++-+lebuteur.com%29\">Cliquez ici pour lire l&rsquo;article depuis sa source.<\/a><\/p>\n","protected":false},"excerpt":{"rendered":"<p>A la recherche de liquidit\u00e9s pour convaincre Tottenham, Manchester City serait pr\u00eat \u00e0 se d\u00e9barrasser de Laporte et Bernardo Silva Auteur: Cliquez ici pour lire l&rsquo;article depuis sa source.<\/p>\n","protected":false},"author":1738,"featured_media":0,"comment_status":"closed","ping_status":"closed","sticky":false,"template":"","format":"standard","meta":{"fifu_image_url":"http:\/\/feeds.feedburner.com\/~r\/GalerieFArtciles\/~4\/AFj_mwNK4Pw","fifu_image_alt":"Le plan de Man City pour recruter Harry Kane","footnotes":""},"categories":[53,75],"tags":[],"class_list":["post-124737","post","type-post","status-publish","format-standard","hentry","category-algerie","category-sport"],"_links":{"self":[{"href":"https:\/\/linitiative.ca\/International\/wp-json\/wp\/v2\/posts\/124737","targetHints":{"allow":["GET"]}}],"collection":[{"href":"https:\/\/linitiative.ca\/International\/wp-json\/wp\/v2\/posts"}],"about":[{"href":"https:\/\/linitiative.ca\/International\/wp-json\/wp\/v2\/types\/post"}],"author":[{"embeddable":true,"href":"https:\/\/linitiative.ca\/International\/wp-json\/wp\/v2\/users\/1738"}],"replies":[{"embeddable":true,"href":"https:\/\/linitiative.ca\/International\/wp-json\/wp\/v2\/comments?post=124737"}],"version-history":[{"count":0,"href":"https:\/\/linitiative.ca\/International\/wp-json\/wp\/v2\/posts\/124737\/revisions"}],"wp:attachment":[{"href":"https:\/\/linitiative.ca\/International\/wp-json\/wp\/v2\/media?parent=124737"}],"wp:term":[{"taxonomy":"category","embeddable":true,"href":"https:\/\/linitiative.ca\/International\/wp-json\/wp\/v2\/categories?post=124737"},{"taxonomy":"post_tag","embeddable":true,"href":"https:\/\/linitiative.ca\/International\/wp-json\/wp\/v2\/tags?post=124737"}],"curies":[{"name":"wp","href":"https:\/\/api.w.org\/{rel}","templated":true}]}}