{"id":124739,"date":"2021-08-21T10:25:00","date_gmt":"2021-08-21T14:25:00","guid":{"rendered":"https:\/\/linitiative.ca\/International\/barcelone-une-surprise-a-prevoir-pour-lavenir-de-pjanic\/"},"modified":"2021-08-21T10:25:00","modified_gmt":"2021-08-21T14:25:00","slug":"barcelone-une-surprise-a-prevoir-pour-lavenir-de-pjanic","status":"publish","type":"post","link":"https:\/\/linitiative.ca\/International\/barcelone-une-surprise-a-prevoir-pour-lavenir-de-pjanic\/","title":{"rendered":"Barcelone : Une surprise \u00e0 pr\u00e9voir pour l\u2019avenir de Pjanic ?"},"content":{"rendered":"<div>Jusqu\u2019au 31 ao\u00fbt, le FC Barcelone va chercher \u00e0 se d\u00e9barrasser de ses ind\u00e9sirables et cela vaut notamment pour Miralem Pjanic.<img loading=\"lazy\" decoding=\"async\" src=\"http:\/\/feeds.feedburner.com\/~r\/GalerieFArtciles\/~4\/2J3-02EIp-k\" height=\"1\" width=\"1\" alt=\"\"><\/div>\n<p>Auteur:<br \/>\n<a href=\"http:\/\/www.lebuteur.com\/article\/detail?titre=barcelone-une-surprise-a-prevoir-pour-lavenir-de-pjanic&#038;id=100893&#038;utm_source=feedburner&#038;utm_medium=feed&#038;utm_campaign=Feed%3A+GalerieFArtciles+%28Les+derniers+articles++-+lebuteur.com%29\">Cliquez ici pour lire l&rsquo;article depuis sa source.<\/a><\/p>\n","protected":false},"excerpt":{"rendered":"<p>Jusqu\u2019au 31 ao\u00fbt, le FC Barcelone va chercher \u00e0 se d\u00e9barrasser de ses ind\u00e9sirables et cela vaut notamment pour Miralem Pjanic. Auteur: Cliquez ici pour lire l&rsquo;article depuis sa source.<\/p>\n","protected":false},"author":1738,"featured_media":0,"comment_status":"closed","ping_status":"closed","sticky":false,"template":"","format":"standard","meta":{"fifu_image_url":"http:\/\/feeds.feedburner.com\/~r\/GalerieFArtciles\/~4\/2J3-02EIp-k","fifu_image_alt":"Barcelone : Une surprise \u00e0 pr\u00e9voir pour l\u2019avenir de Pjanic ?","footnotes":""},"categories":[53,75],"tags":[],"class_list":["post-124739","post","type-post","status-publish","format-standard","hentry","category-algerie","category-sport"],"_links":{"self":[{"href":"https:\/\/linitiative.ca\/International\/wp-json\/wp\/v2\/posts\/124739","targetHints":{"allow":["GET"]}}],"collection":[{"href":"https:\/\/linitiative.ca\/International\/wp-json\/wp\/v2\/posts"}],"about":[{"href":"https:\/\/linitiative.ca\/International\/wp-json\/wp\/v2\/types\/post"}],"author":[{"embeddable":true,"href":"https:\/\/linitiative.ca\/International\/wp-json\/wp\/v2\/users\/1738"}],"replies":[{"embeddable":true,"href":"https:\/\/linitiative.ca\/International\/wp-json\/wp\/v2\/comments?post=124739"}],"version-history":[{"count":0,"href":"https:\/\/linitiative.ca\/International\/wp-json\/wp\/v2\/posts\/124739\/revisions"}],"wp:attachment":[{"href":"https:\/\/linitiative.ca\/International\/wp-json\/wp\/v2\/media?parent=124739"}],"wp:term":[{"taxonomy":"category","embeddable":true,"href":"https:\/\/linitiative.ca\/International\/wp-json\/wp\/v2\/categories?post=124739"},{"taxonomy":"post_tag","embeddable":true,"href":"https:\/\/linitiative.ca\/International\/wp-json\/wp\/v2\/tags?post=124739"}],"curies":[{"name":"wp","href":"https:\/\/api.w.org\/{rel}","templated":true}]}}