{"id":124742,"date":"2021-08-21T06:15:11","date_gmt":"2021-08-21T10:15:11","guid":{"rendered":"https:\/\/linitiative.ca\/International\/congres-de-la-soummam-le-65e-anniversaire-a-lombre-de-la-covid-19\/"},"modified":"2021-08-21T06:15:11","modified_gmt":"2021-08-21T10:15:11","slug":"congres-de-la-soummam-le-65e-anniversaire-a-lombre-de-la-covid-19","status":"publish","type":"post","link":"https:\/\/linitiative.ca\/International\/congres-de-la-soummam-le-65e-anniversaire-a-lombre-de-la-covid-19\/","title":{"rendered":"Congr\u00e8s de la Soummam : Le 65e anniversaire \u00e0 l\u2019ombre de la Covid-19"},"content":{"rendered":"<div>\n<div class=\"sriret\"><img loading=\"lazy\" decoding=\"async\" width=\"620\" height=\"412\" src=\"https:\/\/linitiative.ca\/International\/wp-content\/uploads\/sites\/23\/2021\/08\/soummam-col.jpg\" class=\"attachment-featured_large size-featured_large wp-post-image\" alt=\"\" style=\"margin-bottom: 15px;\" srcset=\"https:\/\/linitiative.ca\/International\/wp-content\/uploads\/sites\/23\/2021\/08\/soummam-col.jpg 620w, https:\/\/www.elwatan.com\/wp-content\/uploads\/2019\/08\/soummam-col-300x199.jpg 300w\" sizes=\"auto, (max-width: 620px) 100vw, 620px\"><\/div>\n<p>I l n\u2019y avait pas la foule des grands jours hier au village Ifri, sur le lieu de la tenue du Congr\u00e8s de la Soummam, le 20 Ao\u00fbt 1956. Le site n\u2019a pas renou\u00e9 avec l\u2019habitude de l\u2019arriv\u00e9e des flots de citoyens inondant les lieux, des centaines de p\u00e8lerins, voire de milliers de fid\u00e8les au message de Abane Ramdane et de ses cinq camarades congressistes.<\/p>\n<p>Des dizaines de citoyens ont toutefois honor\u00e9 le rendez-vous historique dans la tradition du recueillement et du ressourcement, loin du vacarme des tambours qui troublaient le silence sacr\u00e9 des lieux. Parmi eux, des militants du mouvement citoyen se sont fait remarquer par des slogans qu\u2019ils ont scand\u00e9s pour rappeler la continuit\u00e9 du combat pour une Alg\u00e9rie \u00abcivile et non militaire\u00bb.<\/p>\n<p>*Retrouvez l\u2019int\u00e9gralit\u00e9 de nos articles sur la version papier<\/p>\n<p>L\u2019article <a rel=\"nofollow\" href=\"https:\/\/www.elwatan.com\/edition\/actualite\/congres-de-la-soummam-le-65e-anniversaire-a-lombre-de-la-covid-19-21-08-2021\">Congr\u00e8s de la Soummam : Le 65e anniversaire \u00e0 l\u2019ombre de la Covid-19<\/a> est apparu en premier sur <a rel=\"nofollow\" href=\"https:\/\/www.elwatan.com\/\">El Watan<\/a>.<\/p>\n<\/div>\n<p>Auteur: Hicham Chouadria<br \/>\n<a href=\"https:\/\/www.elwatan.com\/edition\/actualite\/congres-de-la-soummam-le-65e-anniversaire-a-lombre-de-la-covid-19-21-08-2021\">Cliquez ici pour lire l&rsquo;article depuis sa source.<\/a><\/p>\n","protected":false},"excerpt":{"rendered":"<p>I l n\u2019y avait pas la foule des grands jours hier au village Ifri, sur le lieu de la tenue du Congr\u00e8s de la Soummam, le 20 Ao\u00fbt 1956. Le site n\u2019a pas renou\u00e9 avec l\u2019habitude de l\u2019arriv\u00e9e des flots de citoyens inondant les lieux, des centaines de p\u00e8lerins, voire de milliers de fid\u00e8les au [&hellip;]<\/p>\n","protected":false},"author":1743,"featured_media":0,"comment_status":"closed","ping_status":"closed","sticky":false,"template":"","format":"standard","meta":{"fifu_image_url":"https:\/\/www.elwatan.com\/wp-content\/uploads\/2019\/08\/soummam-col.jpg","fifu_image_alt":"Congr\u00e8s de la Soummam : Le 65e anniversaire \u00e0 l\u2019ombre de la Covid-19","footnotes":""},"categories":[73,53],"tags":[],"class_list":["post-124742","post","type-post","status-publish","format-standard","hentry","category-actualite","category-algerie"],"_links":{"self":[{"href":"https:\/\/linitiative.ca\/International\/wp-json\/wp\/v2\/posts\/124742","targetHints":{"allow":["GET"]}}],"collection":[{"href":"https:\/\/linitiative.ca\/International\/wp-json\/wp\/v2\/posts"}],"about":[{"href":"https:\/\/linitiative.ca\/International\/wp-json\/wp\/v2\/types\/post"}],"author":[{"embeddable":true,"href":"https:\/\/linitiative.ca\/International\/wp-json\/wp\/v2\/users\/1743"}],"replies":[{"embeddable":true,"href":"https:\/\/linitiative.ca\/International\/wp-json\/wp\/v2\/comments?post=124742"}],"version-history":[{"count":0,"href":"https:\/\/linitiative.ca\/International\/wp-json\/wp\/v2\/posts\/124742\/revisions"}],"wp:attachment":[{"href":"https:\/\/linitiative.ca\/International\/wp-json\/wp\/v2\/media?parent=124742"}],"wp:term":[{"taxonomy":"category","embeddable":true,"href":"https:\/\/linitiative.ca\/International\/wp-json\/wp\/v2\/categories?post=124742"},{"taxonomy":"post_tag","embeddable":true,"href":"https:\/\/linitiative.ca\/International\/wp-json\/wp\/v2\/tags?post=124742"}],"curies":[{"name":"wp","href":"https:\/\/api.w.org\/{rel}","templated":true}]}}