{"id":124744,"date":"2021-08-21T06:30:01","date_gmt":"2021-08-21T10:30:01","guid":{"rendered":"https:\/\/linitiative.ca\/International\/apres-les-incendies-ravageurs-de-tizi-ouzou-retour-progressif-a-la-normale\/"},"modified":"2021-08-21T06:30:01","modified_gmt":"2021-08-21T10:30:01","slug":"apres-les-incendies-ravageurs-de-tizi-ouzou-retour-progressif-a-la-normale","status":"publish","type":"post","link":"https:\/\/linitiative.ca\/International\/apres-les-incendies-ravageurs-de-tizi-ouzou-retour-progressif-a-la-normale\/","title":{"rendered":"Apr\u00e8s les incendies ravageurs de Tizi Ouzou : Retour progressif \u00e0 la normale"},"content":{"rendered":"<div>\n<div class=\"sriret\"><img decoding=\"async\" src=\"https:\/\/linitiative.ca\/International\/wp-content\/uploads\/sites\/23\/2021\/08\/default-picture-709x366_c-45.jpg\"><\/div>\n<p>Dans la commune de Larba\u00e2 Nath Irathen, la plus touch\u00e9e par les feux de for\u00eat, le retour \u00e0 la normale est constat\u00e9 dans plusieurs villages o\u00f9 la population essaye de reprendre ses activit\u00e9s quotidiennes. M\u00eame \u00e0 Ikhlidjene, o\u00f9 les citoyens n\u2019arrivent pas \u00e0 oublier l\u2019enfer de la nuit du 10 ao\u00fbt, la localit\u00e9 reprend vie progressivement.<\/p>\n<p>Agoulmim, un hameau relevant d\u2019Ikhlidjen, a enregistr\u00e9 le nombre le plus important de victimes de cette trag\u00e9die. Mercredi, lors de notre passage, nous avons constat\u00e9 que les villageois essayaient de s\u2019organiser de fa\u00e7on \u00e0 g\u00e9rer les aides qui arrivent sans discontinuit\u00e9. Tout est centralis\u00e9 au niveau de la placette de cette bourgade, o\u00f9 l\u2019on re\u00e7oit les dons en provenance des diff\u00e9rentes localit\u00e9s et m\u00eame en dehors de la wilaya.<\/p>\n<p>*Retrouvez l\u2019int\u00e9gralit\u00e9 de nos articles sur la version papier<\/p>\n<p>L\u2019article <a rel=\"nofollow\" href=\"https:\/\/www.elwatan.com\/edition\/actualite\/apres-les-incendies-ravageurs-de-tizi-ouzou-retour-progressif-a-la-normale-21-08-2021\">Apr\u00e8s les incendies ravageurs de Tizi Ouzou : Retour progressif \u00e0 la normale<\/a> est apparu en premier sur <a rel=\"nofollow\" href=\"https:\/\/www.elwatan.com\/\">El Watan<\/a>.<\/p>\n<\/div>\n<p>Auteur: Hicham Chouadria<br \/>\n<a href=\"https:\/\/www.elwatan.com\/edition\/actualite\/apres-les-incendies-ravageurs-de-tizi-ouzou-retour-progressif-a-la-normale-21-08-2021\">Cliquez ici pour lire l&rsquo;article depuis sa source.<\/a><\/p>\n","protected":false},"excerpt":{"rendered":"<p>Dans la commune de Larba\u00e2 Nath Irathen, la plus touch\u00e9e par les feux de for\u00eat, le retour \u00e0 la normale est constat\u00e9 dans plusieurs villages o\u00f9 la population essaye de reprendre ses activit\u00e9s quotidiennes. M\u00eame \u00e0 Ikhlidjene, o\u00f9 les citoyens n\u2019arrivent pas \u00e0 oublier l\u2019enfer de la nuit du 10 ao\u00fbt, la localit\u00e9 reprend vie [&hellip;]<\/p>\n","protected":false},"author":1743,"featured_media":0,"comment_status":"closed","ping_status":"closed","sticky":false,"template":"","format":"standard","meta":{"fifu_image_url":"https:\/\/www.elwatan.com\/wp-content\/themes\/spectr\/img\/default-picture-709x366_c.jpg","fifu_image_alt":"Apr\u00e8s les incendies ravageurs de Tizi Ouzou : Retour progressif \u00e0 la normale","footnotes":""},"categories":[73,53],"tags":[],"class_list":["post-124744","post","type-post","status-publish","format-standard","hentry","category-actualite","category-algerie"],"_links":{"self":[{"href":"https:\/\/linitiative.ca\/International\/wp-json\/wp\/v2\/posts\/124744","targetHints":{"allow":["GET"]}}],"collection":[{"href":"https:\/\/linitiative.ca\/International\/wp-json\/wp\/v2\/posts"}],"about":[{"href":"https:\/\/linitiative.ca\/International\/wp-json\/wp\/v2\/types\/post"}],"author":[{"embeddable":true,"href":"https:\/\/linitiative.ca\/International\/wp-json\/wp\/v2\/users\/1743"}],"replies":[{"embeddable":true,"href":"https:\/\/linitiative.ca\/International\/wp-json\/wp\/v2\/comments?post=124744"}],"version-history":[{"count":0,"href":"https:\/\/linitiative.ca\/International\/wp-json\/wp\/v2\/posts\/124744\/revisions"}],"wp:attachment":[{"href":"https:\/\/linitiative.ca\/International\/wp-json\/wp\/v2\/media?parent=124744"}],"wp:term":[{"taxonomy":"category","embeddable":true,"href":"https:\/\/linitiative.ca\/International\/wp-json\/wp\/v2\/categories?post=124744"},{"taxonomy":"post_tag","embeddable":true,"href":"https:\/\/linitiative.ca\/International\/wp-json\/wp\/v2\/tags?post=124744"}],"curies":[{"name":"wp","href":"https:\/\/api.w.org\/{rel}","templated":true}]}}