{"id":124746,"date":"2021-08-21T06:30:46","date_gmt":"2021-08-21T10:30:46","guid":{"rendered":"https:\/\/linitiative.ca\/International\/plus-de-600-km-de-reseau-electrique-detruits-par-les-feux\/"},"modified":"2021-08-21T06:30:46","modified_gmt":"2021-08-21T10:30:46","slug":"plus-de-600-km-de-reseau-electrique-detruits-par-les-feux","status":"publish","type":"post","link":"https:\/\/linitiative.ca\/International\/plus-de-600-km-de-reseau-electrique-detruits-par-les-feux\/","title":{"rendered":"Plus de 600 km de r\u00e9seau \u00e9lectrique d\u00e9truits par les feux"},"content":{"rendered":"<div>\n<div class=\"sriret\"><img loading=\"lazy\" decoding=\"async\" width=\"435\" height=\"262\" src=\"https:\/\/linitiative.ca\/International\/wp-content\/uploads\/sites\/23\/2021\/08\/transfo.png\" class=\"attachment-featured_large size-featured_large wp-post-image\" alt=\"Laghouat : Quatre transformateurs install\u00e9s pour renforcer le r\u00e9seau \u00e9lectrique\" style=\"margin-bottom: 15px;\" srcset=\"https:\/\/linitiative.ca\/International\/wp-content\/uploads\/sites\/23\/2021\/08\/transfo.png 435w, https:\/\/www.elwatan.com\/wp-content\/uploads\/2019\/08\/transfo-300x181.png 300w\" sizes=\"auto, (max-width: 435px) 100vw, 435px\"><\/div>\n<p>Un total de 610 km de r\u00e9seau \u00e9lectrique et pas moins de 710 postes ont \u00e9t\u00e9 d\u00e9truits par les incendies qui ont ravag\u00e9 plusieurs communes de la wilaya de Tizi Ouzou, selon un bilan communiqu\u00e9 jeudi \u00e0 l\u2019occasion d\u2019une visite d\u2019inspection du PDG du groupe Sonelgaz, Chaher Boulakhras. \u00abLes d\u00e9g\u00e2ts caus\u00e9s par les feux aux installations \u00e9lectriques ont \u00e9t\u00e9 enregistr\u00e9s au niveau de 35 communes de la wilaya, privant 306\u00a0821 abonn\u00e9s de cette \u00e9nergie.<\/p>\n<p>En outre, la direction locale de distribution d\u2019\u00e9lectricit\u00e9 et de gaz a proc\u00e9d\u00e9 \u00e0 l\u2019interruption, par mesure pr\u00e9ventive, de l\u2019alimentation en \u00e9lectricit\u00e9 de 35\u00a0059 autres abonn\u00e9s\u00bb, selon le bilan pr\u00e9sent\u00e9 \u00e0 M. Boulakhras dans la commune d\u2019Ath Yenni, l\u2019une des localit\u00e9s les plus ravag\u00e9es par les feux.<\/p>\n<p>Le nombre de sites sanitaires (structures de sant\u00e9) priv\u00e9s d\u2019\u00e9lectricit\u00e9, suite \u00e0 la catastrophe v\u00e9cue par la wilaya depuis le 9 ao\u00fbt, est de 12, dont trois par mesure pr\u00e9ventive, alors que les sites hydrauliques (stations de pompage et autres) sont au nombre de 90, dont neuf ayant fait l\u2019objet d\u2019une coupure de l\u2019alimentation par pr\u00e9vention. Quant \u00e0 l\u2019interruption de l\u2019alimentation en gaz naturel, 39 communes ont \u00e9t\u00e9 concern\u00e9es par des incidents caus\u00e9s par les feux, entra\u00eenant une coupure d\u2019alimentation en cette \u00e9nergie pour 113 abonn\u00e9s. Le nombre d\u2019abonn\u00e9s isol\u00e9s par mesures pr\u00e9ventives est de 24\u00a0050.<\/p>\n<p>Pour le r\u00e9tablissement de l\u2019alimentation en ces deux \u00e9nergies, il a \u00e9t\u00e9 proc\u00e9d\u00e9 \u00e0 la mobilisation de 27 \u00e9quipes, 149 agents de la Soci\u00e9t\u00e9 alg\u00e9rienne de distribution de l\u2019\u00e9lectricit\u00e9 et de gaz (Sadeg) et de 71 entreprises pour le r\u00e9tablissement de l\u2019\u00e9lectricit\u00e9, ainsi que de 40 autres \u00e9quipes et 120 agents de la Sadeg et huit entreprises pour le r\u00e9tablissement de l\u2019alimentation en gaz. \u00abDepuis le 16 ao\u00fbt, nous avons presque termin\u00e9 les op\u00e9rations de r\u00e9tablissement de l\u2019\u00e9lectricit\u00e9 \u00e0 Tizi Ouzou au profit de tous les citoyens\u00bb, a soulign\u00e9 M.\u00a0Boulakhras, qui a pr\u00e9cis\u00e9 qu\u2019\u00abaujourd\u2019hui \u00e0 Tizi Ouzou ou ailleurs, aucun foyer n\u2019est dans le noir ou sans gaz\u00bb.<\/p>\n<p>Le PDG de Sonelgaz, qui s\u2019est inclin\u00e9 \u00e0 la m\u00e9moire des citoyens et des militaires d\u00e9c\u00e9d\u00e9s dans ces incendies, a rendu hommage aux agents qui ont travaill\u00e9 dans des conditions tr\u00e8s difficiles en raison du relief fortement accident\u00e9 de Tizi Ouzou. Il a relev\u00e9 que ces incendies sont intervenus en pleine p\u00e9riode de surconsommation, qui a atteint le 12 ao\u00fbt les 16\u00a0224 m\u00e9gawatts, d\u00e9passant de 10,2% celui de 2020.<\/p>\n<p>Interrog\u00e9 lors d\u2019une conf\u00e9rence de presse organis\u00e9e au si\u00e8ge de la wilaya sur l\u2019\u00e9valuation financi\u00e8re des d\u00e9g\u00e2ts caus\u00e9s par ces incendies au groupe Sonelgaz, M. Boulakhras n\u2019a avanc\u00e9 aucun chiffre. \u00abL\u2019important pour nous est que nos efforts ont port\u00e9 leurs fruits et que les instructions du pr\u00e9sident de la R\u00e9publique, Abdelmadjid Tebboune, pour accompagner et contribuer \u00e0 un retour \u00e0 la vie normale dans les r\u00e9gions touch\u00e9es par les feux, ont \u00e9t\u00e9 concr\u00e9tis\u00e9es sur le terrain\u00bb, a-t-il dit. Il a ajout\u00e9 que le groupe a m\u00eame pris en charge la r\u00e9habilitation du r\u00e9seau d\u2019\u00e9clairage public qui est, en principe, \u00e0 la charge des communes. \u00abDes travaux dans ce sens sont en cours depuis six jours\u00bb, a-t-il signal\u00e9.<\/p>\n<p>Par ailleurs, il a indiqu\u00e9 que \u00abdes travaux de r\u00e9habilitation du centre social de Sonelgaz \u00e0 Larba\u00e2 Nath Irathen seront entam\u00e9s pour une dur\u00e9e d\u2019une semaine afin de pouvoir le mettre \u00e0 la disposition des familles sinistr\u00e9es en attente de relogement.\u00bb Lors de cette visite, le PDG de Sonelgaz s\u2019est notamment rendu au poste de haute tension de Souk El Djema\u00e2, dans la r\u00e9gion de A\u00efn El Hammam, une installation strat\u00e9gique alimentant Tizi Ouzou et d\u2019autres wilayas, dont Bouira et B\u00e9ja\u00efa, qui a \u00e9t\u00e9 sauv\u00e9e des incendies par les \u00e9quipes charg\u00e9es de sa gestion, ainsi qu\u2019un chantier de r\u00e9paration de c\u00e2bles de moyenne tension et d\u2019une station de pompage \u00e0 Akbil.<\/p>\n<p>\u00a0<\/p>\n<p>L\u2019article <a rel=\"nofollow\" href=\"https:\/\/www.elwatan.com\/edition\/actualite\/plus-de-600-km-de-reseau-electrique-detruits-par-les-feux-21-08-2021\">Plus de 600 km de r\u00e9seau \u00e9lectrique d\u00e9truits par les feux<\/a> est apparu en premier sur <a rel=\"nofollow\" href=\"https:\/\/www.elwatan.com\/\">El Watan<\/a>.<\/p>\n<\/div>\n<p>Auteur: Hicham Chouadria<br \/>\n<a href=\"https:\/\/www.elwatan.com\/edition\/actualite\/plus-de-600-km-de-reseau-electrique-detruits-par-les-feux-21-08-2021\">Cliquez ici pour lire l&rsquo;article depuis sa source.<\/a><\/p>\n","protected":false},"excerpt":{"rendered":"<p>Un total de 610 km de r\u00e9seau \u00e9lectrique et pas moins de 710 postes ont \u00e9t\u00e9 d\u00e9truits par les incendies qui ont ravag\u00e9 plusieurs communes de la wilaya de Tizi Ouzou, selon un bilan communiqu\u00e9 jeudi \u00e0 l\u2019occasion d\u2019une visite d\u2019inspection du PDG du groupe Sonelgaz, Chaher Boulakhras. \u00abLes d\u00e9g\u00e2ts caus\u00e9s par les feux aux [&hellip;]<\/p>\n","protected":false},"author":1743,"featured_media":0,"comment_status":"closed","ping_status":"closed","sticky":false,"template":"","format":"standard","meta":{"fifu_image_url":"https:\/\/www.elwatan.com\/wp-content\/uploads\/2019\/08\/transfo.png","fifu_image_alt":"Plus de 600 km de r\u00e9seau \u00e9lectrique d\u00e9truits par les feux","footnotes":""},"categories":[73,53],"tags":[],"class_list":["post-124746","post","type-post","status-publish","format-standard","hentry","category-actualite","category-algerie"],"_links":{"self":[{"href":"https:\/\/linitiative.ca\/International\/wp-json\/wp\/v2\/posts\/124746","targetHints":{"allow":["GET"]}}],"collection":[{"href":"https:\/\/linitiative.ca\/International\/wp-json\/wp\/v2\/posts"}],"about":[{"href":"https:\/\/linitiative.ca\/International\/wp-json\/wp\/v2\/types\/post"}],"author":[{"embeddable":true,"href":"https:\/\/linitiative.ca\/International\/wp-json\/wp\/v2\/users\/1743"}],"replies":[{"embeddable":true,"href":"https:\/\/linitiative.ca\/International\/wp-json\/wp\/v2\/comments?post=124746"}],"version-history":[{"count":0,"href":"https:\/\/linitiative.ca\/International\/wp-json\/wp\/v2\/posts\/124746\/revisions"}],"wp:attachment":[{"href":"https:\/\/linitiative.ca\/International\/wp-json\/wp\/v2\/media?parent=124746"}],"wp:term":[{"taxonomy":"category","embeddable":true,"href":"https:\/\/linitiative.ca\/International\/wp-json\/wp\/v2\/categories?post=124746"},{"taxonomy":"post_tag","embeddable":true,"href":"https:\/\/linitiative.ca\/International\/wp-json\/wp\/v2\/tags?post=124746"}],"curies":[{"name":"wp","href":"https:\/\/api.w.org\/{rel}","templated":true}]}}